{"id":25439,"date":"2022-05-23T22:59:04","date_gmt":"2022-05-23T22:59:04","guid":{"rendered":"https:\/\/blogdorogeriogomes.com.br\/?p=25439"},"modified":"2022-05-24T19:27:46","modified_gmt":"2022-05-24T19:27:46","slug":"lula-e-alckmin-definem-estrategia-de-campanha-com-partidos-aliados","status":"publish","type":"post","link":"https:\/\/blogdorogeriogomes.com.br\/noticias\/2022\/05\/lula-e-alckmin-definem-estrategia-de-campanha-com-partidos-aliados\/","title":{"rendered":"Lula e Alckmin definem estrat\u00e9gia de campanha com partidos aliados"},"content":{"rendered":"\n<p>O ex-presidente Lula (PT) e o ex-governador Geraldo Alckmin (PSB) se reuniram nesta segunda-feira, dia 23 de maio, pela primeira vez com a coordena\u00e7\u00e3o geral da pr\u00e9-campanha para discutir o papel que cada partido da coliga\u00e7\u00e3o ter\u00e1, a conjuntura atual e os pr\u00f3ximos passos.<\/p>\n\n\n\n<p>O encontro contou com a presen\u00e7a dos presidentes dos sete partidos (PT, PSB, Solidariedade, PSOL, PC do B, PV e Rede). A coliga\u00e7\u00e3o de Lula e Alckmin trabalha para ampliar alian\u00e7as com figuras pol\u00edticas e demais partidos, entre eles PSD, MDB, Avante e Pros.<\/p>\n\n\n\n<p>A reuni\u00e3o serviu para discutir estrat\u00e9gias da campanha com os partidos aliados. Na pr\u00f3xima semana, Lula e Alckmin dever\u00e3o seguir para agendas no Rio Grande do Sul e Santa Catarina. Est\u00e1 ser\u00e1 a primeira viagem da dupla. \u200b<\/p>\n\n\n\n<p>A presidente nacional do PT, Gleisi Hoffmann, confirmou que o comando da campanha conversa com os economistas P\u00e9rsio Arida e Andr\u00e9 Lara Resende para que eles participem da constru\u00e7\u00e3o do plano de governo da alian\u00e7a. Nome de confian\u00e7a de Alckmin, P\u00e9rsio Arida j\u00e1 foi presidente do Banco Central e do Banco Nacional de Desenvolvimento Econ\u00f4mico e Social (BNDES) durante as gest\u00f5es dos ex-presidentes Itamar Franco e&nbsp;Fernando Henrique Cardoso (PSDB). Lara Resende \u00e9 um dos formuladores do Plano Real.<\/p>\n\n\n\n<figure class=\"wp-block-image size-full\"><img loading=\"lazy\" decoding=\"async\" width=\"678\" height=\"452\" src=\"https:\/\/blogdorogeriogomes.com.br\/wp-content\/uploads\/2022\/05\/images-66.jpeg\" alt=\"\" class=\"wp-image-25440\" srcset=\"https:\/\/blogdorogeriogomes.com.br\/noticias\/wp-content\/uploads\/2022\/05\/images-66.jpeg 678w, https:\/\/blogdorogeriogomes.com.br\/noticias\/wp-content\/uploads\/2022\/05\/images-66-300x200.jpeg 300w\" sizes=\"auto, (max-width: 678px) 100vw, 678px\" \/><\/figure>\n","protected":false},"excerpt":{"rendered":"<p>O ex-presidente Lula (PT) e o ex-governador Geraldo Alckmin (PSB) se reuniram nesta segunda-feira, dia 23 de maio, pela primeira vez com a coordena\u00e7\u00e3o geral da pr\u00e9-campanha para discutir o papel que cada partido da coliga\u00e7\u00e3o ter\u00e1, a conjuntura atual e os pr\u00f3ximos passos. O encontro contou com a presen\u00e7a dos presidentes dos sete partidos (PT, PSB, Solidariedade, PSOL, PC do B, PV e Rede). A coliga\u00e7\u00e3o de Lula e Alckmin trabalha para ampliar alian\u00e7as com figuras pol\u00edticas e&hellip;<\/p>\n","protected":false},"author":1,"featured_media":25440,"comment_status":"open","ping_status":"open","sticky":false,"template":"","format":"standard","meta":{"footnotes":""},"categories":[1],"tags":[],"class_list":["post-25439","post","type-post","status-publish","format-standard","has-post-thumbnail","hentry","category-noticias"],"_links":{"self":[{"href":"https:\/\/blogdorogeriogomes.com.br\/noticias\/wp-json\/wp\/v2\/posts\/25439","targetHints":{"allow":["GET"]}}],"collection":[{"href":"https:\/\/blogdorogeriogomes.com.br\/noticias\/wp-json\/wp\/v2\/posts"}],"about":[{"href":"https:\/\/blogdorogeriogomes.com.br\/noticias\/wp-json\/wp\/v2\/types\/post"}],"author":[{"embeddable":true,"href":"https:\/\/blogdorogeriogomes.com.br\/noticias\/wp-json\/wp\/v2\/users\/1"}],"replies":[{"embeddable":true,"href":"https:\/\/blogdorogeriogomes.com.br\/noticias\/wp-json\/wp\/v2\/comments?post=25439"}],"version-history":[{"count":2,"href":"https:\/\/blogdorogeriogomes.com.br\/noticias\/wp-json\/wp\/v2\/posts\/25439\/revisions"}],"predecessor-version":[{"id":25452,"href":"https:\/\/blogdorogeriogomes.com.br\/noticias\/wp-json\/wp\/v2\/posts\/25439\/revisions\/25452"}],"wp:featuredmedia":[{"embeddable":true,"href":"https:\/\/blogdorogeriogomes.com.br\/noticias\/wp-json\/wp\/v2\/media\/25440"}],"wp:attachment":[{"href":"https:\/\/blogdorogeriogomes.com.br\/noticias\/wp-json\/wp\/v2\/media?parent=25439"}],"wp:term":[{"taxonomy":"category","embeddable":true,"href":"https:\/\/blogdorogeriogomes.com.br\/noticias\/wp-json\/wp\/v2\/categories?post=25439"},{"taxonomy":"post_tag","embeddable":true,"href":"https:\/\/blogdorogeriogomes.com.br\/noticias\/wp-json\/wp\/v2\/tags?post=25439"}],"curies":[{"name":"wp","href":"https:\/\/api.w.org\/{rel}","templated":true}]}}