{"id":25445,"date":"2022-05-24T10:24:02","date_gmt":"2022-05-24T10:24:02","guid":{"rendered":"https:\/\/blogdorogeriogomes.com.br\/?p=25445"},"modified":"2022-05-24T19:06:59","modified_gmt":"2022-05-24T19:06:59","slug":"governo-do-ceara-anuncia-nos-proximos-dias-plano-para-recuperar-estradas-prejudicadas-pela-quadra-chuvosa","status":"publish","type":"post","link":"https:\/\/blogdorogeriogomes.com.br\/noticias\/2022\/05\/governo-do-ceara-anuncia-nos-proximos-dias-plano-para-recuperar-estradas-prejudicadas-pela-quadra-chuvosa\/","title":{"rendered":"Governo do Cear\u00e1 anuncia nos pr\u00f3ximos dias plano para recuperar estradas prejudicadas pela quadra chuvosa"},"content":{"rendered":"\n<p>A governadora do Cear\u00e1, Izolda Cela, anuncia nos pr\u00f3ximos dias um plano de recupera\u00e7\u00e3o de rodovias estaduais prejudicadas pela quadra chuvosa. Ter\u00e3o prioridade as obras de recupera\u00e7\u00e3o as estradas que demandam medidas mais urgentes, mas todas as regi\u00f5es do Estado devem ser contempladas com as obras.<\/p>\n\n\n\n<p>O Anel Vi\u00e1rio, na BR-020, na Regi\u00e3o Metropolitana de Fortaleza, que passa por obras cujos trabalhos foram assumidos pelo Governo do Cear\u00e1 em conv\u00eanio com o Departamento Nacional de Infraestrutura de Transportes (Dnit), ter\u00e1 os servi\u00e7os intensificados.<\/p>\n\n\n\n<p>Em tempo: Izolda Cela ser\u00e1 recebida pelo comando da C\u00e2mara de Dirigentes Lojistas de Fortaleza (CDL). Na pauta do encontro estar\u00e3o as altera\u00e7\u00f5es no ICMS, que devem atingir tamb\u00e9m o com\u00e9rcio.<\/p>\n\n\n\n<figure class=\"wp-block-image size-full\"><img loading=\"lazy\" decoding=\"async\" width=\"678\" height=\"452\" src=\"https:\/\/blogdorogeriogomes.com.br\/wp-content\/uploads\/2022\/05\/images-67.jpeg\" alt=\"\" class=\"wp-image-25446\" srcset=\"https:\/\/blogdorogeriogomes.com.br\/noticias\/wp-content\/uploads\/2022\/05\/images-67.jpeg 678w, https:\/\/blogdorogeriogomes.com.br\/noticias\/wp-content\/uploads\/2022\/05\/images-67-300x200.jpeg 300w\" sizes=\"auto, (max-width: 678px) 100vw, 678px\" \/><\/figure>\n","protected":false},"excerpt":{"rendered":"<p>A governadora do Cear\u00e1, Izolda Cela, anuncia nos pr\u00f3ximos dias um plano de recupera\u00e7\u00e3o de rodovias estaduais prejudicadas pela quadra chuvosa. Ter\u00e3o prioridade as obras de recupera\u00e7\u00e3o as estradas que demandam medidas mais urgentes, mas todas as regi\u00f5es do Estado devem ser contempladas com as obras. O Anel Vi\u00e1rio, na BR-020, na Regi\u00e3o Metropolitana de Fortaleza, que passa por obras cujos trabalhos foram assumidos pelo Governo do Cear\u00e1 em conv\u00eanio com o Departamento Nacional de Infraestrutura de Transportes (Dnit),&hellip;<\/p>\n","protected":false},"author":1,"featured_media":25446,"comment_status":"open","ping_status":"open","sticky":false,"template":"","format":"standard","meta":{"footnotes":""},"categories":[1],"tags":[],"class_list":["post-25445","post","type-post","status-publish","format-standard","has-post-thumbnail","hentry","category-noticias"],"_links":{"self":[{"href":"https:\/\/blogdorogeriogomes.com.br\/noticias\/wp-json\/wp\/v2\/posts\/25445","targetHints":{"allow":["GET"]}}],"collection":[{"href":"https:\/\/blogdorogeriogomes.com.br\/noticias\/wp-json\/wp\/v2\/posts"}],"about":[{"href":"https:\/\/blogdorogeriogomes.com.br\/noticias\/wp-json\/wp\/v2\/types\/post"}],"author":[{"embeddable":true,"href":"https:\/\/blogdorogeriogomes.com.br\/noticias\/wp-json\/wp\/v2\/users\/1"}],"replies":[{"embeddable":true,"href":"https:\/\/blogdorogeriogomes.com.br\/noticias\/wp-json\/wp\/v2\/comments?post=25445"}],"version-history":[{"count":1,"href":"https:\/\/blogdorogeriogomes.com.br\/noticias\/wp-json\/wp\/v2\/posts\/25445\/revisions"}],"predecessor-version":[{"id":25447,"href":"https:\/\/blogdorogeriogomes.com.br\/noticias\/wp-json\/wp\/v2\/posts\/25445\/revisions\/25447"}],"wp:featuredmedia":[{"embeddable":true,"href":"https:\/\/blogdorogeriogomes.com.br\/noticias\/wp-json\/wp\/v2\/media\/25446"}],"wp:attachment":[{"href":"https:\/\/blogdorogeriogomes.com.br\/noticias\/wp-json\/wp\/v2\/media?parent=25445"}],"wp:term":[{"taxonomy":"category","embeddable":true,"href":"https:\/\/blogdorogeriogomes.com.br\/noticias\/wp-json\/wp\/v2\/categories?post=25445"},{"taxonomy":"post_tag","embeddable":true,"href":"https:\/\/blogdorogeriogomes.com.br\/noticias\/wp-json\/wp\/v2\/tags?post=25445"}],"curies":[{"name":"wp","href":"https:\/\/api.w.org\/{rel}","templated":true}]}}