{"id":25455,"date":"2022-05-24T22:38:11","date_gmt":"2022-05-24T22:38:11","guid":{"rendered":"https:\/\/blogdorogeriogomes.com.br\/?p=25455"},"modified":"2022-05-25T17:34:15","modified_gmt":"2022-05-25T17:34:15","slug":"policiais-federais-protestam-conte-governo-bolsonaro-em-fortaleza","status":"publish","type":"post","link":"https:\/\/blogdorogeriogomes.com.br\/noticias\/2022\/05\/policiais-federais-protestam-conte-governo-bolsonaro-em-fortaleza\/","title":{"rendered":"Policiais federais protestam contra Governo Bolsonaro em Fortaleza"},"content":{"rendered":"\n<p>At\u00e9 nas categorias que mais o apoiam, o Governo Bolsonaro est\u00e1 sofrendo resist\u00eancia. Policiais federais do Cear\u00e1 realizaram nesta ter\u00e7a-feira, dia 24 de maio, um protesto contra o presidente Jair Bolsonaro (PL) para cobrar valoriza\u00e7\u00e3o das categorias da PF. Em uma das faixas colocadas em frente \u00e0 superintend\u00eancia regional do \u00f3rg\u00e3o, uma cobran\u00e7a ao chefe do Executivo: &#8220;Te salvamos da facada e agora vai nos esfaquear pelas costas?&#8221;. A frase faz refer\u00eancia ao atentando sofrido por Bolsonaro em setembro de 2018, em Juiz de Fora (MG).<\/p>\n\n\n\n<p>Os policiais federais pressionam pela assinatura de uma Medida Provis\u00f3ria (MP) que garanta a reestrutura\u00e7\u00e3o das carreiras dos servidores da \u00e1rea.<\/p>\n\n\n\n<figure class=\"wp-block-image size-full\"><img loading=\"lazy\" decoding=\"async\" width=\"818\" height=\"459\" src=\"https:\/\/blogdorogeriogomes.com.br\/wp-content\/uploads\/2022\/05\/1_protesto___policia___federal___13_-18813583.jpg\" alt=\"\" class=\"wp-image-25456\" srcset=\"https:\/\/blogdorogeriogomes.com.br\/noticias\/wp-content\/uploads\/2022\/05\/1_protesto___policia___federal___13_-18813583.jpg 818w, https:\/\/blogdorogeriogomes.com.br\/noticias\/wp-content\/uploads\/2022\/05\/1_protesto___policia___federal___13_-18813583-300x168.jpg 300w, https:\/\/blogdorogeriogomes.com.br\/noticias\/wp-content\/uploads\/2022\/05\/1_protesto___policia___federal___13_-18813583-768x431.jpg 768w, https:\/\/blogdorogeriogomes.com.br\/noticias\/wp-content\/uploads\/2022\/05\/1_protesto___policia___federal___13_-18813583-800x449.jpg 800w\" sizes=\"auto, (max-width: 818px) 100vw, 818px\" \/><\/figure>\n\n\n\n<p><br><\/p>\n\n\n\n<p><br><\/p>\n","protected":false},"excerpt":{"rendered":"<p>At\u00e9 nas categorias que mais o apoiam, o Governo Bolsonaro est\u00e1 sofrendo resist\u00eancia. Policiais federais do Cear\u00e1 realizaram nesta ter\u00e7a-feira, dia 24 de maio, um protesto contra o presidente Jair Bolsonaro (PL) para cobrar valoriza\u00e7\u00e3o das categorias da PF. Em uma das faixas colocadas em frente \u00e0 superintend\u00eancia regional do \u00f3rg\u00e3o, uma cobran\u00e7a ao chefe do Executivo: &#8220;Te salvamos da facada e agora vai nos esfaquear pelas costas?&#8221;. A frase faz refer\u00eancia ao atentando sofrido por Bolsonaro em setembro&hellip;<\/p>\n","protected":false},"author":1,"featured_media":25456,"comment_status":"open","ping_status":"open","sticky":false,"template":"","format":"standard","meta":{"footnotes":""},"categories":[1],"tags":[],"class_list":["post-25455","post","type-post","status-publish","format-standard","has-post-thumbnail","hentry","category-noticias"],"_links":{"self":[{"href":"https:\/\/blogdorogeriogomes.com.br\/noticias\/wp-json\/wp\/v2\/posts\/25455","targetHints":{"allow":["GET"]}}],"collection":[{"href":"https:\/\/blogdorogeriogomes.com.br\/noticias\/wp-json\/wp\/v2\/posts"}],"about":[{"href":"https:\/\/blogdorogeriogomes.com.br\/noticias\/wp-json\/wp\/v2\/types\/post"}],"author":[{"embeddable":true,"href":"https:\/\/blogdorogeriogomes.com.br\/noticias\/wp-json\/wp\/v2\/users\/1"}],"replies":[{"embeddable":true,"href":"https:\/\/blogdorogeriogomes.com.br\/noticias\/wp-json\/wp\/v2\/comments?post=25455"}],"version-history":[{"count":2,"href":"https:\/\/blogdorogeriogomes.com.br\/noticias\/wp-json\/wp\/v2\/posts\/25455\/revisions"}],"predecessor-version":[{"id":25458,"href":"https:\/\/blogdorogeriogomes.com.br\/noticias\/wp-json\/wp\/v2\/posts\/25455\/revisions\/25458"}],"wp:featuredmedia":[{"embeddable":true,"href":"https:\/\/blogdorogeriogomes.com.br\/noticias\/wp-json\/wp\/v2\/media\/25456"}],"wp:attachment":[{"href":"https:\/\/blogdorogeriogomes.com.br\/noticias\/wp-json\/wp\/v2\/media?parent=25455"}],"wp:term":[{"taxonomy":"category","embeddable":true,"href":"https:\/\/blogdorogeriogomes.com.br\/noticias\/wp-json\/wp\/v2\/categories?post=25455"},{"taxonomy":"post_tag","embeddable":true,"href":"https:\/\/blogdorogeriogomes.com.br\/noticias\/wp-json\/wp\/v2\/tags?post=25455"}],"curies":[{"name":"wp","href":"https:\/\/api.w.org\/{rel}","templated":true}]}}