{"id":25484,"date":"2022-05-26T10:58:07","date_gmt":"2022-05-26T10:58:07","guid":{"rendered":"https:\/\/blogdorogeriogomes.com.br\/?p=25484"},"modified":"2022-05-26T21:52:36","modified_gmt":"2022-05-26T21:52:36","slug":"prefeitura-de-fortaleza-leva-vacinacao-contra-a-covid-19-para-escolas-da-rede-municipal","status":"publish","type":"post","link":"https:\/\/blogdorogeriogomes.com.br\/noticias\/2022\/05\/prefeitura-de-fortaleza-leva-vacinacao-contra-a-covid-19-para-escolas-da-rede-municipal\/","title":{"rendered":"Prefeitura de Fortaleza leva vacina\u00e7\u00e3o contra a Covid-19 para escolas da Rede Municipal"},"content":{"rendered":"\n<p>A Prefeitura de Fortaleza inicia, nesta quinta-feira, dia 26 de maio, o &#8220;Dia D\u201d de Vacina\u00e7\u00e3o contra Covid-19 nas escolas da Rede Municipal de Ensino. Semanalmente, sempre \u00e0s quintas-feiras, equipes da Secretaria Municipal da Sa\u00fade (SMS) estar\u00e3o em seis escolas municipais, vacinando os estudantes de 5 a 17 anos, seja com a primeira dose ou completando o esquema vacinal. Com a a\u00e7\u00e3o devem ser contemplados, por dia, em m\u00e9dia 1.800 alunos.<\/p>\n\n\n\n<p>O objetivo da iniciativa, realizada de forma conjunta com a Secretaria Municipal da Educa\u00e7\u00e3o (SME), \u00e9 levar a imuniza\u00e7\u00e3o o mais pr\u00f3ximo poss\u00edvel da comunidade escolar, ampliando a prote\u00e7\u00e3o e a cobertura vacinal de crian\u00e7as e adolescentes.<\/p>\n\n\n\n<figure class=\"wp-block-image size-large\"><img loading=\"lazy\" decoding=\"async\" width=\"1024\" height=\"602\" src=\"https:\/\/blogdorogeriogomes.com.br\/wp-content\/uploads\/2022\/05\/25-05-2022-Vacinaeducacao-1024x602.jpg\" alt=\"\" class=\"wp-image-25485\" srcset=\"https:\/\/blogdorogeriogomes.com.br\/noticias\/wp-content\/uploads\/2022\/05\/25-05-2022-Vacinaeducacao-1024x602.jpg 1024w, https:\/\/blogdorogeriogomes.com.br\/noticias\/wp-content\/uploads\/2022\/05\/25-05-2022-Vacinaeducacao-300x176.jpg 300w, https:\/\/blogdorogeriogomes.com.br\/noticias\/wp-content\/uploads\/2022\/05\/25-05-2022-Vacinaeducacao-768x451.jpg 768w, https:\/\/blogdorogeriogomes.com.br\/noticias\/wp-content\/uploads\/2022\/05\/25-05-2022-Vacinaeducacao-800x470.jpg 800w, https:\/\/blogdorogeriogomes.com.br\/noticias\/wp-content\/uploads\/2022\/05\/25-05-2022-Vacinaeducacao.jpg 1280w\" sizes=\"auto, (max-width: 1024px) 100vw, 1024px\" \/><\/figure>\n","protected":false},"excerpt":{"rendered":"<p>A Prefeitura de Fortaleza inicia, nesta quinta-feira, dia 26 de maio, o &#8220;Dia D\u201d de Vacina\u00e7\u00e3o contra Covid-19 nas escolas da Rede Municipal de Ensino. Semanalmente, sempre \u00e0s quintas-feiras, equipes da Secretaria Municipal da Sa\u00fade (SMS) estar\u00e3o em seis escolas municipais, vacinando os estudantes de 5 a 17 anos, seja com a primeira dose ou completando o esquema vacinal. Com a a\u00e7\u00e3o devem ser contemplados, por dia, em m\u00e9dia 1.800 alunos. O objetivo da iniciativa, realizada de forma conjunta&hellip;<\/p>\n","protected":false},"author":1,"featured_media":25485,"comment_status":"open","ping_status":"open","sticky":false,"template":"","format":"standard","meta":{"footnotes":""},"categories":[1],"tags":[],"class_list":["post-25484","post","type-post","status-publish","format-standard","has-post-thumbnail","hentry","category-noticias"],"_links":{"self":[{"href":"https:\/\/blogdorogeriogomes.com.br\/noticias\/wp-json\/wp\/v2\/posts\/25484","targetHints":{"allow":["GET"]}}],"collection":[{"href":"https:\/\/blogdorogeriogomes.com.br\/noticias\/wp-json\/wp\/v2\/posts"}],"about":[{"href":"https:\/\/blogdorogeriogomes.com.br\/noticias\/wp-json\/wp\/v2\/types\/post"}],"author":[{"embeddable":true,"href":"https:\/\/blogdorogeriogomes.com.br\/noticias\/wp-json\/wp\/v2\/users\/1"}],"replies":[{"embeddable":true,"href":"https:\/\/blogdorogeriogomes.com.br\/noticias\/wp-json\/wp\/v2\/comments?post=25484"}],"version-history":[{"count":1,"href":"https:\/\/blogdorogeriogomes.com.br\/noticias\/wp-json\/wp\/v2\/posts\/25484\/revisions"}],"predecessor-version":[{"id":25486,"href":"https:\/\/blogdorogeriogomes.com.br\/noticias\/wp-json\/wp\/v2\/posts\/25484\/revisions\/25486"}],"wp:featuredmedia":[{"embeddable":true,"href":"https:\/\/blogdorogeriogomes.com.br\/noticias\/wp-json\/wp\/v2\/media\/25485"}],"wp:attachment":[{"href":"https:\/\/blogdorogeriogomes.com.br\/noticias\/wp-json\/wp\/v2\/media?parent=25484"}],"wp:term":[{"taxonomy":"category","embeddable":true,"href":"https:\/\/blogdorogeriogomes.com.br\/noticias\/wp-json\/wp\/v2\/categories?post=25484"},{"taxonomy":"post_tag","embeddable":true,"href":"https:\/\/blogdorogeriogomes.com.br\/noticias\/wp-json\/wp\/v2\/tags?post=25484"}],"curies":[{"name":"wp","href":"https:\/\/api.w.org\/{rel}","templated":true}]}}