{"id":25492,"date":"2022-05-26T22:42:46","date_gmt":"2022-05-26T22:42:46","guid":{"rendered":"https:\/\/blogdorogeriogomes.com.br\/?p=25492"},"modified":"2022-05-27T11:33:53","modified_gmt":"2022-05-27T11:33:53","slug":"planos-de-saude-particulares-devem-subir-ate-155-reajuste-atinge-mais-de-50-mil-usuarios-no-ceara","status":"publish","type":"post","link":"https:\/\/blogdorogeriogomes.com.br\/noticias\/2022\/05\/planos-de-saude-particulares-devem-subir-ate-155-reajuste-atinge-mais-de-50-mil-usuarios-no-ceara\/","title":{"rendered":"Planos de sa\u00fade particulares devem subir at\u00e9 15,5%. Reajuste atinge mais de 50 mil usu\u00e1rios no Cear\u00e1"},"content":{"rendered":"\n<p>\u00c9 crescente o n\u00famero de pessoas que deixam de pagar planos de sa\u00fade particulares e passam a depender do Sistema \u00danico de Sa\u00fade (SUS), por falta de condi\u00e7\u00f5es financeiras. E a situa\u00e7\u00e3o tende a piorar. A Ag\u00eancia Nacional de Sa\u00fade Suplementar (ANS) autorizou nesta quinta-feira, dia 26 de maio, o percentual de 15,5% como reajuste m\u00e1ximo para os planos de sa\u00fade individuais e familiares regulamentados. No Cear\u00e1, 51.390 benefici\u00e1rios de planos individuais e familiares ser\u00e3o impactados.<\/p>\n\n\n\n<p>Este \u00e9 o maior reajuste j\u00e1 autorizado na s\u00e9rie hist\u00f3rica da ANS, iniciada em 2000. A decis\u00e3o sobre o teto de reajuste ser\u00e1 publicada no Di\u00e1rio Oficial da Uni\u00e3o e o percentual poder\u00e1 ser aplicado pela operadora de sa\u00fade a partir da data de anivers\u00e1rio do contrato.<\/p>\n\n\n\n<figure class=\"wp-block-image size-large\"><img loading=\"lazy\" decoding=\"async\" width=\"1024\" height=\"576\" src=\"https:\/\/blogdorogeriogomes.com.br\/wp-content\/uploads\/2022\/05\/shutterstock_1932234707_Easy-Resize.com_-1024x576.jpg\" alt=\"\" class=\"wp-image-25493\" srcset=\"https:\/\/blogdorogeriogomes.com.br\/noticias\/wp-content\/uploads\/2022\/05\/shutterstock_1932234707_Easy-Resize.com_-1024x576.jpg 1024w, https:\/\/blogdorogeriogomes.com.br\/noticias\/wp-content\/uploads\/2022\/05\/shutterstock_1932234707_Easy-Resize.com_-300x169.jpg 300w, https:\/\/blogdorogeriogomes.com.br\/noticias\/wp-content\/uploads\/2022\/05\/shutterstock_1932234707_Easy-Resize.com_-768x432.jpg 768w, https:\/\/blogdorogeriogomes.com.br\/noticias\/wp-content\/uploads\/2022\/05\/shutterstock_1932234707_Easy-Resize.com_-800x450.jpg 800w, https:\/\/blogdorogeriogomes.com.br\/noticias\/wp-content\/uploads\/2022\/05\/shutterstock_1932234707_Easy-Resize.com_.jpg 1280w\" sizes=\"auto, (max-width: 1024px) 100vw, 1024px\" \/><\/figure>\n","protected":false},"excerpt":{"rendered":"<p>\u00c9 crescente o n\u00famero de pessoas que deixam de pagar planos de sa\u00fade particulares e passam a depender do Sistema \u00danico de Sa\u00fade (SUS), por falta de condi\u00e7\u00f5es financeiras. E a situa\u00e7\u00e3o tende a piorar. A Ag\u00eancia Nacional de Sa\u00fade Suplementar (ANS) autorizou nesta quinta-feira, dia 26 de maio, o percentual de 15,5% como reajuste m\u00e1ximo para os planos de sa\u00fade individuais e familiares regulamentados. No Cear\u00e1, 51.390 benefici\u00e1rios de planos individuais e familiares ser\u00e3o impactados. Este \u00e9 o&hellip;<\/p>\n","protected":false},"author":1,"featured_media":25493,"comment_status":"open","ping_status":"open","sticky":false,"template":"","format":"standard","meta":{"footnotes":""},"categories":[1],"tags":[],"class_list":["post-25492","post","type-post","status-publish","format-standard","has-post-thumbnail","hentry","category-noticias"],"_links":{"self":[{"href":"https:\/\/blogdorogeriogomes.com.br\/noticias\/wp-json\/wp\/v2\/posts\/25492","targetHints":{"allow":["GET"]}}],"collection":[{"href":"https:\/\/blogdorogeriogomes.com.br\/noticias\/wp-json\/wp\/v2\/posts"}],"about":[{"href":"https:\/\/blogdorogeriogomes.com.br\/noticias\/wp-json\/wp\/v2\/types\/post"}],"author":[{"embeddable":true,"href":"https:\/\/blogdorogeriogomes.com.br\/noticias\/wp-json\/wp\/v2\/users\/1"}],"replies":[{"embeddable":true,"href":"https:\/\/blogdorogeriogomes.com.br\/noticias\/wp-json\/wp\/v2\/comments?post=25492"}],"version-history":[{"count":1,"href":"https:\/\/blogdorogeriogomes.com.br\/noticias\/wp-json\/wp\/v2\/posts\/25492\/revisions"}],"predecessor-version":[{"id":25494,"href":"https:\/\/blogdorogeriogomes.com.br\/noticias\/wp-json\/wp\/v2\/posts\/25492\/revisions\/25494"}],"wp:featuredmedia":[{"embeddable":true,"href":"https:\/\/blogdorogeriogomes.com.br\/noticias\/wp-json\/wp\/v2\/media\/25493"}],"wp:attachment":[{"href":"https:\/\/blogdorogeriogomes.com.br\/noticias\/wp-json\/wp\/v2\/media?parent=25492"}],"wp:term":[{"taxonomy":"category","embeddable":true,"href":"https:\/\/blogdorogeriogomes.com.br\/noticias\/wp-json\/wp\/v2\/categories?post=25492"},{"taxonomy":"post_tag","embeddable":true,"href":"https:\/\/blogdorogeriogomes.com.br\/noticias\/wp-json\/wp\/v2\/tags?post=25492"}],"curies":[{"name":"wp","href":"https:\/\/api.w.org\/{rel}","templated":true}]}}