{"id":25502,"date":"2022-05-29T10:53:41","date_gmt":"2022-05-29T10:53:41","guid":{"rendered":"https:\/\/blogdorogeriogomes.com.br\/?p=25502"},"modified":"2022-05-30T11:32:02","modified_gmt":"2022-05-30T11:32:02","slug":"instituto-olhar-faz-mutirao-para-diagnostico-do-glaucoma-em-fortaleza","status":"publish","type":"post","link":"https:\/\/blogdorogeriogomes.com.br\/noticias\/2022\/05\/instituto-olhar-faz-mutirao-para-diagnostico-do-glaucoma-em-fortaleza\/","title":{"rendered":"Instituto Olhar faz mutir\u00e3o para diagn\u00f3stico do Glaucoma em Fortaleza"},"content":{"rendered":"\n<p>O Brasil celebrou na \u00faltima semana o Dia Nacional de Combate ao Glaucoma, de acordo com dados da Sociedade Brasileira de Glaucoma. Atualmente, a doen\u00e7a j\u00e1 atinge mais de 1 milh\u00e3o de brasileiros, na luta pelo direito de ver o Instituto Olhar em parceria com a Rede Bioclinica promoveram na manh\u00e3 do \u00faltimo s\u00e1bado, dia 28 de maio, a abertura do 12\u00ba Encontro dos Portadores de Glaucoma na unidade do bairro Jos\u00e9 Walter. O evento acontece anualmente e serve para alertar a popula\u00e7\u00e3o cearense sobre os riscos dessa doen\u00e7a silenciosa e sem cura.<\/p>\n\n\n\n<p>O evento \u00e9 totalmente gratuito e refor\u00e7a a necessidade em sensibilizar potenciais glaucomatosos e seus familiares quanto ao diagn\u00f3stico precoce. At\u00e9 o final de junho ser\u00e1 realizado mais dois mutir\u00f5es em prol da sa\u00fade ocular.<\/p>\n\n\n\n<figure class=\"wp-block-image size-large\"><img loading=\"lazy\" decoding=\"async\" width=\"1024\" height=\"768\" src=\"https:\/\/blogdorogeriogomes.com.br\/wp-content\/uploads\/2022\/05\/995782E4-8044-4161-8EE7-2B76BA04178F-1024x768.jpeg\" alt=\"\" class=\"wp-image-25503\" srcset=\"https:\/\/blogdorogeriogomes.com.br\/noticias\/wp-content\/uploads\/2022\/05\/995782E4-8044-4161-8EE7-2B76BA04178F-1024x768.jpeg 1024w, https:\/\/blogdorogeriogomes.com.br\/noticias\/wp-content\/uploads\/2022\/05\/995782E4-8044-4161-8EE7-2B76BA04178F-300x225.jpeg 300w, https:\/\/blogdorogeriogomes.com.br\/noticias\/wp-content\/uploads\/2022\/05\/995782E4-8044-4161-8EE7-2B76BA04178F-768x576.jpeg 768w, https:\/\/blogdorogeriogomes.com.br\/noticias\/wp-content\/uploads\/2022\/05\/995782E4-8044-4161-8EE7-2B76BA04178F-1536x1152.jpeg 1536w, https:\/\/blogdorogeriogomes.com.br\/noticias\/wp-content\/uploads\/2022\/05\/995782E4-8044-4161-8EE7-2B76BA04178F-2048x1536.jpeg 2048w, https:\/\/blogdorogeriogomes.com.br\/noticias\/wp-content\/uploads\/2022\/05\/995782E4-8044-4161-8EE7-2B76BA04178F-800x600.jpeg 800w, https:\/\/blogdorogeriogomes.com.br\/noticias\/wp-content\/uploads\/2022\/05\/995782E4-8044-4161-8EE7-2B76BA04178F-400x300.jpeg 400w\" sizes=\"auto, (max-width: 1024px) 100vw, 1024px\" \/><\/figure>\n","protected":false},"excerpt":{"rendered":"<p>O Brasil celebrou na \u00faltima semana o Dia Nacional de Combate ao Glaucoma, de acordo com dados da Sociedade Brasileira de Glaucoma. Atualmente, a doen\u00e7a j\u00e1 atinge mais de 1 milh\u00e3o de brasileiros, na luta pelo direito de ver o Instituto Olhar em parceria com a Rede Bioclinica promoveram na manh\u00e3 do \u00faltimo s\u00e1bado, dia 28 de maio, a abertura do 12\u00ba Encontro dos Portadores de Glaucoma na unidade do bairro Jos\u00e9 Walter. O evento acontece anualmente e serve&hellip;<\/p>\n","protected":false},"author":1,"featured_media":25503,"comment_status":"open","ping_status":"open","sticky":false,"template":"","format":"standard","meta":{"footnotes":""},"categories":[1],"tags":[],"class_list":["post-25502","post","type-post","status-publish","format-standard","has-post-thumbnail","hentry","category-noticias"],"_links":{"self":[{"href":"https:\/\/blogdorogeriogomes.com.br\/noticias\/wp-json\/wp\/v2\/posts\/25502","targetHints":{"allow":["GET"]}}],"collection":[{"href":"https:\/\/blogdorogeriogomes.com.br\/noticias\/wp-json\/wp\/v2\/posts"}],"about":[{"href":"https:\/\/blogdorogeriogomes.com.br\/noticias\/wp-json\/wp\/v2\/types\/post"}],"author":[{"embeddable":true,"href":"https:\/\/blogdorogeriogomes.com.br\/noticias\/wp-json\/wp\/v2\/users\/1"}],"replies":[{"embeddable":true,"href":"https:\/\/blogdorogeriogomes.com.br\/noticias\/wp-json\/wp\/v2\/comments?post=25502"}],"version-history":[{"count":1,"href":"https:\/\/blogdorogeriogomes.com.br\/noticias\/wp-json\/wp\/v2\/posts\/25502\/revisions"}],"predecessor-version":[{"id":25504,"href":"https:\/\/blogdorogeriogomes.com.br\/noticias\/wp-json\/wp\/v2\/posts\/25502\/revisions\/25504"}],"wp:featuredmedia":[{"embeddable":true,"href":"https:\/\/blogdorogeriogomes.com.br\/noticias\/wp-json\/wp\/v2\/media\/25503"}],"wp:attachment":[{"href":"https:\/\/blogdorogeriogomes.com.br\/noticias\/wp-json\/wp\/v2\/media?parent=25502"}],"wp:term":[{"taxonomy":"category","embeddable":true,"href":"https:\/\/blogdorogeriogomes.com.br\/noticias\/wp-json\/wp\/v2\/categories?post=25502"},{"taxonomy":"post_tag","embeddable":true,"href":"https:\/\/blogdorogeriogomes.com.br\/noticias\/wp-json\/wp\/v2\/tags?post=25502"}],"curies":[{"name":"wp","href":"https:\/\/api.w.org\/{rel}","templated":true}]}}