{"id":25505,"date":"2022-05-29T11:04:09","date_gmt":"2022-05-29T11:04:09","guid":{"rendered":"https:\/\/blogdorogeriogomes.com.br\/?p=25505"},"modified":"2022-05-30T11:31:41","modified_gmt":"2022-05-30T11:31:41","slug":"sarto-viaja-neste-domingo-para-a-suecia-e-elcio-batista-assume-a-prefeitura-de-fortaleza","status":"publish","type":"post","link":"https:\/\/blogdorogeriogomes.com.br\/noticias\/2022\/05\/sarto-viaja-neste-domingo-para-a-suecia-e-elcio-batista-assume-a-prefeitura-de-fortaleza\/","title":{"rendered":"Sarto viaja neste domingo para a Su\u00e9cia e \u00c9lcio Batista assume a Prefeitura de Fortaleza"},"content":{"rendered":"\n<p>O prefeito de Fortaleza, Jos\u00e9 Sarto (PDT), viaja neste domingo em miss\u00e3o oficial para a Su\u00e9cia. Sarto ir\u00e1 participar no per\u00edodo entre 31 de maio e 3 de junho de um evento sobre quest\u00f5es clim\u00e1ticas e de reuni\u00f5es com institui\u00e7\u00f5es que atuam nas \u00e1reas de juventude, inova\u00e7\u00e3o e tecnologia, res\u00edduos s\u00f3lidos e meio ambiente. Assim, o vice-prefeito \u00c9lcio Batista (PSB) assume interinamente a Prefeitura de Fortaleza.<\/p>\n\n\n\n<p>A agenda do prefeito Jos\u00e9 Sarto na Su\u00e9cia ocorrer\u00e1 em Estocolmo. O prefeito da Capital cearense pretende refor\u00e7ar a divulga\u00e7\u00e3o de Fortaleza como destino tur\u00edstico, buscando firmar parceiras e trazer novos investimentos estrangeiros.<\/p>\n\n\n\n<figure class=\"wp-block-image size-full is-resized\"><img loading=\"lazy\" decoding=\"async\" src=\"https:\/\/blogdorogeriogomes.com.br\/wp-content\/uploads\/2022\/05\/images-77.jpeg\" alt=\"\" class=\"wp-image-25506\" width=\"329\" height=\"228\" srcset=\"https:\/\/blogdorogeriogomes.com.br\/noticias\/wp-content\/uploads\/2022\/05\/images-77.jpeg 663w, https:\/\/blogdorogeriogomes.com.br\/noticias\/wp-content\/uploads\/2022\/05\/images-77-300x209.jpeg 300w\" sizes=\"auto, (max-width: 329px) 100vw, 329px\" \/><\/figure>\n","protected":false},"excerpt":{"rendered":"<p>O prefeito de Fortaleza, Jos\u00e9 Sarto (PDT), viaja neste domingo em miss\u00e3o oficial para a Su\u00e9cia. Sarto ir\u00e1 participar no per\u00edodo entre 31 de maio e 3 de junho de um evento sobre quest\u00f5es clim\u00e1ticas e de reuni\u00f5es com institui\u00e7\u00f5es que atuam nas \u00e1reas de juventude, inova\u00e7\u00e3o e tecnologia, res\u00edduos s\u00f3lidos e meio ambiente. Assim, o vice-prefeito \u00c9lcio Batista (PSB) assume interinamente a Prefeitura de Fortaleza. A agenda do prefeito Jos\u00e9 Sarto na Su\u00e9cia ocorrer\u00e1 em Estocolmo. O prefeito&hellip;<\/p>\n","protected":false},"author":1,"featured_media":25506,"comment_status":"open","ping_status":"open","sticky":false,"template":"","format":"standard","meta":{"footnotes":""},"categories":[1],"tags":[],"class_list":["post-25505","post","type-post","status-publish","format-standard","has-post-thumbnail","hentry","category-noticias"],"_links":{"self":[{"href":"https:\/\/blogdorogeriogomes.com.br\/noticias\/wp-json\/wp\/v2\/posts\/25505","targetHints":{"allow":["GET"]}}],"collection":[{"href":"https:\/\/blogdorogeriogomes.com.br\/noticias\/wp-json\/wp\/v2\/posts"}],"about":[{"href":"https:\/\/blogdorogeriogomes.com.br\/noticias\/wp-json\/wp\/v2\/types\/post"}],"author":[{"embeddable":true,"href":"https:\/\/blogdorogeriogomes.com.br\/noticias\/wp-json\/wp\/v2\/users\/1"}],"replies":[{"embeddable":true,"href":"https:\/\/blogdorogeriogomes.com.br\/noticias\/wp-json\/wp\/v2\/comments?post=25505"}],"version-history":[{"count":1,"href":"https:\/\/blogdorogeriogomes.com.br\/noticias\/wp-json\/wp\/v2\/posts\/25505\/revisions"}],"predecessor-version":[{"id":25507,"href":"https:\/\/blogdorogeriogomes.com.br\/noticias\/wp-json\/wp\/v2\/posts\/25505\/revisions\/25507"}],"wp:featuredmedia":[{"embeddable":true,"href":"https:\/\/blogdorogeriogomes.com.br\/noticias\/wp-json\/wp\/v2\/media\/25506"}],"wp:attachment":[{"href":"https:\/\/blogdorogeriogomes.com.br\/noticias\/wp-json\/wp\/v2\/media?parent=25505"}],"wp:term":[{"taxonomy":"category","embeddable":true,"href":"https:\/\/blogdorogeriogomes.com.br\/noticias\/wp-json\/wp\/v2\/categories?post=25505"},{"taxonomy":"post_tag","embeddable":true,"href":"https:\/\/blogdorogeriogomes.com.br\/noticias\/wp-json\/wp\/v2\/tags?post=25505"}],"curies":[{"name":"wp","href":"https:\/\/api.w.org\/{rel}","templated":true}]}}