{"id":25508,"date":"2022-05-29T11:20:35","date_gmt":"2022-05-29T11:20:35","guid":{"rendered":"https:\/\/blogdorogeriogomes.com.br\/?p=25508"},"modified":"2022-05-30T11:31:34","modified_gmt":"2022-05-30T11:31:34","slug":"governo-do-estado-entrega-primeiro-lote-de-tratores-para-pequenos-agricultores-do-interior-do-ceara","status":"publish","type":"post","link":"https:\/\/blogdorogeriogomes.com.br\/noticias\/2022\/05\/governo-do-estado-entrega-primeiro-lote-de-tratores-para-pequenos-agricultores-do-interior-do-ceara\/","title":{"rendered":"Governo do Estado entrega primeiro lote de tratores para pequenos agricultores do interior do Cear\u00e1"},"content":{"rendered":"\n<p>Gestores de 39 munic\u00edpios do Interior receberam tratores que dever\u00e3o apoiar&nbsp;a atividade agr\u00e1ria de cada localidade. A entrega das chaves dos equipamentos foi realizada pela governadora Izolda Cela (PDT) e pela titular da Secretaria do Desenvolvimento Agr\u00e1rio (SDA), Ana Teresa de Carvalho.<\/p>\n\n\n\n<p>O maquin\u00e1rio \u00e9 parte do&nbsp;pacote de investimentos anunciado pelo ent\u00e3o governador Camilo Santana (PT) no Dia de S\u00e3o Jos\u00e9 e que engloba o valor total R$ 400 milh\u00f5es&nbsp;em projetos para o meio rural. Somente nos 183 tratores, um pra cada munic\u00edpio com \u00e1rea agr\u00edcola, foram investidos R$&nbsp;65,2 milh\u00f5es.&nbsp;O investimento individual de cada ve\u00edculo \u00e9 de R$ 356.333 reais.<br><br><\/p>\n\n\n\n<figure class=\"wp-block-image size-full\"><img loading=\"lazy\" decoding=\"async\" width=\"818\" height=\"459\" src=\"https:\/\/blogdorogeriogomes.com.br\/wp-content\/uploads\/2022\/05\/1_tratores_sda_4-18845622.jpg\" alt=\"\" class=\"wp-image-25509\" srcset=\"https:\/\/blogdorogeriogomes.com.br\/noticias\/wp-content\/uploads\/2022\/05\/1_tratores_sda_4-18845622.jpg 818w, https:\/\/blogdorogeriogomes.com.br\/noticias\/wp-content\/uploads\/2022\/05\/1_tratores_sda_4-18845622-300x168.jpg 300w, https:\/\/blogdorogeriogomes.com.br\/noticias\/wp-content\/uploads\/2022\/05\/1_tratores_sda_4-18845622-768x431.jpg 768w, https:\/\/blogdorogeriogomes.com.br\/noticias\/wp-content\/uploads\/2022\/05\/1_tratores_sda_4-18845622-800x449.jpg 800w\" sizes=\"auto, (max-width: 818px) 100vw, 818px\" \/><\/figure>\n","protected":false},"excerpt":{"rendered":"<p>Gestores de 39 munic\u00edpios do Interior receberam tratores que dever\u00e3o apoiar&nbsp;a atividade agr\u00e1ria de cada localidade. A entrega das chaves dos equipamentos foi realizada pela governadora Izolda Cela (PDT) e pela titular da Secretaria do Desenvolvimento Agr\u00e1rio (SDA), Ana Teresa de Carvalho. O maquin\u00e1rio \u00e9 parte do&nbsp;pacote de investimentos anunciado pelo ent\u00e3o governador Camilo Santana (PT) no Dia de S\u00e3o Jos\u00e9 e que engloba o valor total R$ 400 milh\u00f5es&nbsp;em projetos para o meio rural. Somente nos 183 tratores,&hellip;<\/p>\n","protected":false},"author":1,"featured_media":25509,"comment_status":"open","ping_status":"open","sticky":false,"template":"","format":"standard","meta":{"footnotes":""},"categories":[1],"tags":[],"class_list":["post-25508","post","type-post","status-publish","format-standard","has-post-thumbnail","hentry","category-noticias"],"_links":{"self":[{"href":"https:\/\/blogdorogeriogomes.com.br\/noticias\/wp-json\/wp\/v2\/posts\/25508","targetHints":{"allow":["GET"]}}],"collection":[{"href":"https:\/\/blogdorogeriogomes.com.br\/noticias\/wp-json\/wp\/v2\/posts"}],"about":[{"href":"https:\/\/blogdorogeriogomes.com.br\/noticias\/wp-json\/wp\/v2\/types\/post"}],"author":[{"embeddable":true,"href":"https:\/\/blogdorogeriogomes.com.br\/noticias\/wp-json\/wp\/v2\/users\/1"}],"replies":[{"embeddable":true,"href":"https:\/\/blogdorogeriogomes.com.br\/noticias\/wp-json\/wp\/v2\/comments?post=25508"}],"version-history":[{"count":2,"href":"https:\/\/blogdorogeriogomes.com.br\/noticias\/wp-json\/wp\/v2\/posts\/25508\/revisions"}],"predecessor-version":[{"id":25518,"href":"https:\/\/blogdorogeriogomes.com.br\/noticias\/wp-json\/wp\/v2\/posts\/25508\/revisions\/25518"}],"wp:featuredmedia":[{"embeddable":true,"href":"https:\/\/blogdorogeriogomes.com.br\/noticias\/wp-json\/wp\/v2\/media\/25509"}],"wp:attachment":[{"href":"https:\/\/blogdorogeriogomes.com.br\/noticias\/wp-json\/wp\/v2\/media?parent=25508"}],"wp:term":[{"taxonomy":"category","embeddable":true,"href":"https:\/\/blogdorogeriogomes.com.br\/noticias\/wp-json\/wp\/v2\/categories?post=25508"},{"taxonomy":"post_tag","embeddable":true,"href":"https:\/\/blogdorogeriogomes.com.br\/noticias\/wp-json\/wp\/v2\/tags?post=25508"}],"curies":[{"name":"wp","href":"https:\/\/api.w.org\/{rel}","templated":true}]}}