{"id":25511,"date":"2022-05-30T10:18:24","date_gmt":"2022-05-30T10:18:24","guid":{"rendered":"https:\/\/blogdorogeriogomes.com.br\/?p=25511"},"modified":"2022-05-30T11:31:25","modified_gmt":"2022-05-30T11:31:25","slug":"izolda-cela-e-jose-sarto-oferecem-ajuda-a-pernambuco-atingido-por-fortes-chuvas","status":"publish","type":"post","link":"https:\/\/blogdorogeriogomes.com.br\/noticias\/2022\/05\/izolda-cela-e-jose-sarto-oferecem-ajuda-a-pernambuco-atingido-por-fortes-chuvas\/","title":{"rendered":"Izolda Cela e Jos\u00e9 Sarto oferecem ajuda a Pernambuco atingido por fortes chuvas"},"content":{"rendered":"\n<p>Prosseguem nesta segunda-feira, dia 30 de maio, as buscas por pessoas desaparecidas ap\u00f3s o deslizamento de barragens por causa das fortes chuvas em Pernambuco. J\u00e1 s\u00e3o pelo menos 85 mortos no Estado devido \u00e0s fortes chuvas. S\u00f3 em Recife foram mais de 20 pessoas soterradas e que tiveram os corpos resgatados da lama em Jardim Monte Verde.<\/p>\n\n\n\n<p>Diante da trag\u00e9dia, a governadora do Cear\u00e1, Izolda Cela (PDT), e o prefeito de Fortaleza, Jos\u00e9 Sarto (PDT), manifestaram solidariedade \u00e0s v\u00edtimas dos temporais no Grande Recife e ofereceram ajuda.<\/p>\n\n\n\n<p>O Governo do Estado disponibilizou apoio do Corpo de Bombeiros e Defesa Civil para qualquer necessidade e aux\u00edlio nas opera\u00e7\u00f5es de busca e salvamento.&nbsp;J\u00e1 a Prefeitura de Fortaleza enviou neste domingo, dia 29, um total de 475 colchonetes e 1.050 mantas para as fam\u00edlias v\u00edtimas de chuvas intensas.<\/p>\n\n\n\n<figure class=\"wp-block-image size-full\"><img loading=\"lazy\" decoding=\"async\" width=\"739\" height=\"415\" src=\"https:\/\/blogdorogeriogomes.com.br\/wp-content\/uploads\/2022\/05\/images-78.jpeg\" alt=\"\" class=\"wp-image-25512\" srcset=\"https:\/\/blogdorogeriogomes.com.br\/noticias\/wp-content\/uploads\/2022\/05\/images-78.jpeg 739w, https:\/\/blogdorogeriogomes.com.br\/noticias\/wp-content\/uploads\/2022\/05\/images-78-300x168.jpeg 300w\" sizes=\"auto, (max-width: 739px) 100vw, 739px\" \/><\/figure>\n","protected":false},"excerpt":{"rendered":"<p>Prosseguem nesta segunda-feira, dia 30 de maio, as buscas por pessoas desaparecidas ap\u00f3s o deslizamento de barragens por causa das fortes chuvas em Pernambuco. J\u00e1 s\u00e3o pelo menos 85 mortos no Estado devido \u00e0s fortes chuvas. S\u00f3 em Recife foram mais de 20 pessoas soterradas e que tiveram os corpos resgatados da lama em Jardim Monte Verde. Diante da trag\u00e9dia, a governadora do Cear\u00e1, Izolda Cela (PDT), e o prefeito de Fortaleza, Jos\u00e9 Sarto (PDT), manifestaram solidariedade \u00e0s v\u00edtimas&hellip;<\/p>\n","protected":false},"author":1,"featured_media":25512,"comment_status":"open","ping_status":"open","sticky":false,"template":"","format":"standard","meta":{"footnotes":""},"categories":[1],"tags":[],"class_list":["post-25511","post","type-post","status-publish","format-standard","has-post-thumbnail","hentry","category-noticias"],"_links":{"self":[{"href":"https:\/\/blogdorogeriogomes.com.br\/noticias\/wp-json\/wp\/v2\/posts\/25511","targetHints":{"allow":["GET"]}}],"collection":[{"href":"https:\/\/blogdorogeriogomes.com.br\/noticias\/wp-json\/wp\/v2\/posts"}],"about":[{"href":"https:\/\/blogdorogeriogomes.com.br\/noticias\/wp-json\/wp\/v2\/types\/post"}],"author":[{"embeddable":true,"href":"https:\/\/blogdorogeriogomes.com.br\/noticias\/wp-json\/wp\/v2\/users\/1"}],"replies":[{"embeddable":true,"href":"https:\/\/blogdorogeriogomes.com.br\/noticias\/wp-json\/wp\/v2\/comments?post=25511"}],"version-history":[{"count":2,"href":"https:\/\/blogdorogeriogomes.com.br\/noticias\/wp-json\/wp\/v2\/posts\/25511\/revisions"}],"predecessor-version":[{"id":25517,"href":"https:\/\/blogdorogeriogomes.com.br\/noticias\/wp-json\/wp\/v2\/posts\/25511\/revisions\/25517"}],"wp:featuredmedia":[{"embeddable":true,"href":"https:\/\/blogdorogeriogomes.com.br\/noticias\/wp-json\/wp\/v2\/media\/25512"}],"wp:attachment":[{"href":"https:\/\/blogdorogeriogomes.com.br\/noticias\/wp-json\/wp\/v2\/media?parent=25511"}],"wp:term":[{"taxonomy":"category","embeddable":true,"href":"https:\/\/blogdorogeriogomes.com.br\/noticias\/wp-json\/wp\/v2\/categories?post=25511"},{"taxonomy":"post_tag","embeddable":true,"href":"https:\/\/blogdorogeriogomes.com.br\/noticias\/wp-json\/wp\/v2\/tags?post=25511"}],"curies":[{"name":"wp","href":"https:\/\/api.w.org\/{rel}","templated":true}]}}