{"id":25514,"date":"2022-05-30T10:39:34","date_gmt":"2022-05-30T10:39:34","guid":{"rendered":"https:\/\/blogdorogeriogomes.com.br\/?p=25514"},"modified":"2022-05-30T11:31:18","modified_gmt":"2022-05-30T11:31:18","slug":"festa-do-pau-da-bandeira-em-barbalha-movimenta-cultura-e-economia-do-cariri","status":"publish","type":"post","link":"https:\/\/blogdorogeriogomes.com.br\/noticias\/2022\/05\/festa-do-pau-da-bandeira-em-barbalha-movimenta-cultura-e-economia-do-cariri\/","title":{"rendered":"Festa do Pau da Bandeira em Barbalha movimenta cultura e economia do Cariri"},"content":{"rendered":"\n<p>Ap\u00f3s dois anos de pandemia da Covid-19, a cidade de Barbalha, na Regi\u00e3o do Cariri, voltou a vivenciar a beleza do cortejo da tradicional Festa do Pau da Bandeira neste \u00faltimo fim de semana. O domingo foi marcado pelo cortejo de grupos culturais.<\/p>\n\n\n\n<p>A Festa de Santo Ant\u00f4nio em Barbalha \u00e9 marcada pela religiosidade, cultura e movimenta\u00e7\u00e3o da economia no munic\u00edpio. Neste domingo, houve apresenta\u00e7\u00e3o de v\u00e1rios artistas da cultura popular caririense, como os grupos de reisado e os bacamarterios. <\/p>\n\n\n\n<p>Em Barbalha foram montados pelo menos tr\u00eas palcos para apresenta\u00e7\u00e3o de artistas, que reuniram uma multid\u00e3o tamb\u00e9m vinda de cidades vizinhas. Se revezaram nas atra\u00e7\u00f5es Alcymar Monteiro, Fl\u00e1vio Leandro, Italo Queiroz, Chambinho do Acordeon, Santana, Waldonys, Forr\u00f3 Tapera, Dorgival Dantas, Chico Pessoa, Leonardo de Luna e Maninho e Banda.<\/p>\n\n\n\n<figure class=\"wp-block-image size-large\"><img loading=\"lazy\" decoding=\"async\" width=\"981\" height=\"1024\" src=\"https:\/\/blogdorogeriogomes.com.br\/wp-content\/uploads\/2022\/05\/mateu-2-981x1024.jpg\" alt=\"\" class=\"wp-image-25515\" srcset=\"https:\/\/blogdorogeriogomes.com.br\/noticias\/wp-content\/uploads\/2022\/05\/mateu-2-981x1024.jpg 981w, https:\/\/blogdorogeriogomes.com.br\/noticias\/wp-content\/uploads\/2022\/05\/mateu-2-287x300.jpg 287w, https:\/\/blogdorogeriogomes.com.br\/noticias\/wp-content\/uploads\/2022\/05\/mateu-2-768x802.jpg 768w, https:\/\/blogdorogeriogomes.com.br\/noticias\/wp-content\/uploads\/2022\/05\/mateu-2-800x835.jpg 800w, https:\/\/blogdorogeriogomes.com.br\/noticias\/wp-content\/uploads\/2022\/05\/mateu-2-50x52.jpg 50w, https:\/\/blogdorogeriogomes.com.br\/noticias\/wp-content\/uploads\/2022\/05\/mateu-2.jpg 1409w\" sizes=\"auto, (max-width: 981px) 100vw, 981px\" \/><\/figure>\n","protected":false},"excerpt":{"rendered":"<p>Ap\u00f3s dois anos de pandemia da Covid-19, a cidade de Barbalha, na Regi\u00e3o do Cariri, voltou a vivenciar a beleza do cortejo da tradicional Festa do Pau da Bandeira neste \u00faltimo fim de semana. O domingo foi marcado pelo cortejo de grupos culturais. A Festa de Santo Ant\u00f4nio em Barbalha \u00e9 marcada pela religiosidade, cultura e movimenta\u00e7\u00e3o da economia no munic\u00edpio. Neste domingo, houve apresenta\u00e7\u00e3o de v\u00e1rios artistas da cultura popular caririense, como os grupos de reisado e os&hellip;<\/p>\n","protected":false},"author":1,"featured_media":25515,"comment_status":"open","ping_status":"open","sticky":false,"template":"","format":"standard","meta":{"footnotes":""},"categories":[1],"tags":[],"class_list":["post-25514","post","type-post","status-publish","format-standard","has-post-thumbnail","hentry","category-noticias"],"_links":{"self":[{"href":"https:\/\/blogdorogeriogomes.com.br\/noticias\/wp-json\/wp\/v2\/posts\/25514","targetHints":{"allow":["GET"]}}],"collection":[{"href":"https:\/\/blogdorogeriogomes.com.br\/noticias\/wp-json\/wp\/v2\/posts"}],"about":[{"href":"https:\/\/blogdorogeriogomes.com.br\/noticias\/wp-json\/wp\/v2\/types\/post"}],"author":[{"embeddable":true,"href":"https:\/\/blogdorogeriogomes.com.br\/noticias\/wp-json\/wp\/v2\/users\/1"}],"replies":[{"embeddable":true,"href":"https:\/\/blogdorogeriogomes.com.br\/noticias\/wp-json\/wp\/v2\/comments?post=25514"}],"version-history":[{"count":1,"href":"https:\/\/blogdorogeriogomes.com.br\/noticias\/wp-json\/wp\/v2\/posts\/25514\/revisions"}],"predecessor-version":[{"id":25516,"href":"https:\/\/blogdorogeriogomes.com.br\/noticias\/wp-json\/wp\/v2\/posts\/25514\/revisions\/25516"}],"wp:featuredmedia":[{"embeddable":true,"href":"https:\/\/blogdorogeriogomes.com.br\/noticias\/wp-json\/wp\/v2\/media\/25515"}],"wp:attachment":[{"href":"https:\/\/blogdorogeriogomes.com.br\/noticias\/wp-json\/wp\/v2\/media?parent=25514"}],"wp:term":[{"taxonomy":"category","embeddable":true,"href":"https:\/\/blogdorogeriogomes.com.br\/noticias\/wp-json\/wp\/v2\/categories?post=25514"},{"taxonomy":"post_tag","embeddable":true,"href":"https:\/\/blogdorogeriogomes.com.br\/noticias\/wp-json\/wp\/v2\/tags?post=25514"}],"curies":[{"name":"wp","href":"https:\/\/api.w.org\/{rel}","templated":true}]}}