{"id":25525,"date":"2022-05-30T22:55:18","date_gmt":"2022-05-30T22:55:18","guid":{"rendered":"https:\/\/blogdorogeriogomes.com.br\/?p=25525"},"modified":"2022-06-01T10:27:39","modified_gmt":"2022-06-01T10:27:39","slug":"ciro-gomes-participa-de-evento-na-camara-municipal-de-fortaleza-e-volta-a-defender-que-cabe-ao-pdt-a-escolha-do-candidato-governista","status":"publish","type":"post","link":"https:\/\/blogdorogeriogomes.com.br\/noticias\/2022\/05\/ciro-gomes-participa-de-evento-na-camara-municipal-de-fortaleza-e-volta-a-defender-que-cabe-ao-pdt-a-escolha-do-candidato-governista\/","title":{"rendered":"Ciro Gomes participa de evento na C\u00e2mara Municipal de Fortaleza e volta a defender que cabe ao PDT a escolha do candidato governista"},"content":{"rendered":"\n<p>O presidenci\u00e1vel Ciro Gomes (PDT) participou de um evento nesta segunda-feira, dia 30 de maio, na C\u00e2mara Municipal de Fortaleza, onde voltou a defender que cabe ao PDT a defini\u00e7\u00e3o do candidato governista nas elei\u00e7\u00f5es de outubro. &#8220;Cabe dessa vez ao PDT a apresenta\u00e7\u00e3o da candidatura. Quem vai escolher a candidatura do PDT \u00e9 o PDT&#8221;, disse o ex-ministro.<\/p>\n\n\n\n<p>O pr\u00e9-candidato do PDT \u00e0 Presid\u00eancia da Rep\u00fablica tem reclamado da &#8220;intromiss\u00e3o&#8221; de integrantes do PT na indica\u00e7\u00e3o do candidato governistas. Petistas t\u00eam defendido a escolha da atual governadora Izolda Cela, que disputa diretamente a indica\u00e7\u00e3o com o ex-prefeito da Capital, Roberto Cl\u00e1udio. \u201cN\u00e3o aceitaremos imposi\u00e7\u00e3o, seja de quem for e qual consequ\u00eancia for&#8221;, refor\u00e7ou Ciro.<\/p>\n\n\n\n<p>Ele deu uma aula magna na inaugura\u00e7\u00e3o da Escola do Parlamento, que pretende estimular o interc\u00e2mbio de conhecimento com outras casas legislativas, sobretudo da Regi\u00e3o Metropolitana, e permitir a qualifica\u00e7\u00e3o do p\u00fablico geral interessado em desenvolver t\u00e9cnicas e habilidades relacionadas ao Poder Legislativo.&nbsp;<\/p>\n\n\n\n<p>Al\u00e9m do presidente da C\u00e2mara Municipal de Fortaleza, Ant\u00f4nio Henrique (PDT), estiveram presentes na mesa de honra do evento o ex-prefeito Roberto Cl\u00e1udio (PDT) e o deputado Mauro Filho (PDT), ambos cotados para concorrer ao Governo do Cear\u00e1.<\/p>\n\n\n\n<figure class=\"wp-block-image size-full\"><img loading=\"lazy\" decoding=\"async\" width=\"800\" height=\"532\" src=\"https:\/\/blogdorogeriogomes.com.br\/wp-content\/uploads\/2022\/05\/20220530101224_IMG_0413.jpg\" alt=\"\" class=\"wp-image-25526\" srcset=\"https:\/\/blogdorogeriogomes.com.br\/noticias\/wp-content\/uploads\/2022\/05\/20220530101224_IMG_0413.jpg 800w, https:\/\/blogdorogeriogomes.com.br\/noticias\/wp-content\/uploads\/2022\/05\/20220530101224_IMG_0413-300x200.jpg 300w, https:\/\/blogdorogeriogomes.com.br\/noticias\/wp-content\/uploads\/2022\/05\/20220530101224_IMG_0413-768x511.jpg 768w\" sizes=\"auto, (max-width: 800px) 100vw, 800px\" \/><\/figure>\n","protected":false},"excerpt":{"rendered":"<p>O presidenci\u00e1vel Ciro Gomes (PDT) participou de um evento nesta segunda-feira, dia 30 de maio, na C\u00e2mara Municipal de Fortaleza, onde voltou a defender que cabe ao PDT a defini\u00e7\u00e3o do candidato governista nas elei\u00e7\u00f5es de outubro. &#8220;Cabe dessa vez ao PDT a apresenta\u00e7\u00e3o da candidatura. Quem vai escolher a candidatura do PDT \u00e9 o PDT&#8221;, disse o ex-ministro. O pr\u00e9-candidato do PDT \u00e0 Presid\u00eancia da Rep\u00fablica tem reclamado da &#8220;intromiss\u00e3o&#8221; de integrantes do PT na indica\u00e7\u00e3o do candidato&hellip;<\/p>\n","protected":false},"author":1,"featured_media":25526,"comment_status":"open","ping_status":"open","sticky":false,"template":"","format":"standard","meta":{"footnotes":""},"categories":[1],"tags":[],"class_list":["post-25525","post","type-post","status-publish","format-standard","has-post-thumbnail","hentry","category-noticias"],"_links":{"self":[{"href":"https:\/\/blogdorogeriogomes.com.br\/noticias\/wp-json\/wp\/v2\/posts\/25525","targetHints":{"allow":["GET"]}}],"collection":[{"href":"https:\/\/blogdorogeriogomes.com.br\/noticias\/wp-json\/wp\/v2\/posts"}],"about":[{"href":"https:\/\/blogdorogeriogomes.com.br\/noticias\/wp-json\/wp\/v2\/types\/post"}],"author":[{"embeddable":true,"href":"https:\/\/blogdorogeriogomes.com.br\/noticias\/wp-json\/wp\/v2\/users\/1"}],"replies":[{"embeddable":true,"href":"https:\/\/blogdorogeriogomes.com.br\/noticias\/wp-json\/wp\/v2\/comments?post=25525"}],"version-history":[{"count":2,"href":"https:\/\/blogdorogeriogomes.com.br\/noticias\/wp-json\/wp\/v2\/posts\/25525\/revisions"}],"predecessor-version":[{"id":25557,"href":"https:\/\/blogdorogeriogomes.com.br\/noticias\/wp-json\/wp\/v2\/posts\/25525\/revisions\/25557"}],"wp:featuredmedia":[{"embeddable":true,"href":"https:\/\/blogdorogeriogomes.com.br\/noticias\/wp-json\/wp\/v2\/media\/25526"}],"wp:attachment":[{"href":"https:\/\/blogdorogeriogomes.com.br\/noticias\/wp-json\/wp\/v2\/media?parent=25525"}],"wp:term":[{"taxonomy":"category","embeddable":true,"href":"https:\/\/blogdorogeriogomes.com.br\/noticias\/wp-json\/wp\/v2\/categories?post=25525"},{"taxonomy":"post_tag","embeddable":true,"href":"https:\/\/blogdorogeriogomes.com.br\/noticias\/wp-json\/wp\/v2\/tags?post=25525"}],"curies":[{"name":"wp","href":"https:\/\/api.w.org\/{rel}","templated":true}]}}