{"id":25531,"date":"2022-05-31T09:58:58","date_gmt":"2022-05-31T09:58:58","guid":{"rendered":"https:\/\/blogdorogeriogomes.com.br\/?p=25531"},"modified":"2022-06-01T10:27:22","modified_gmt":"2022-06-01T10:27:22","slug":"jair-bolsonaro-bloqueia-r-82-bilhoes-do-orcamento-de-2022","status":"publish","type":"post","link":"https:\/\/blogdorogeriogomes.com.br\/noticias\/2022\/05\/jair-bolsonaro-bloqueia-r-82-bilhoes-do-orcamento-de-2022\/","title":{"rendered":"Jair Bolsonaro bloqueia R$ 8,2 bilh\u00f5es do or\u00e7amento de 2022"},"content":{"rendered":"\n<p>O presidente Jair Bolsonaro (PL) editou um decreto que bloqueia R$ 8,2 bilh\u00f5es das despesas do Or\u00e7amento de 2022, conforme informou em nota a Secretaria-Geral da Presid\u00eancia da Rep\u00fablica. O Governo Federal alega que a medida \u00e9 importante para garantir o cumprimento do teto de gastos. No entanto, Bolsonaro n\u00e3o incluiu no bloqueio os cerca de R$ 6 bilh\u00f5es para um eventual reajuste de 5% dos sal\u00e1rios do funcionalismo a partir de 1\u00ba de julho, medida considerada importante por se tratar de ano eleitoral.<\/p>\n\n\n\n<p>Entre as \u00e1reas mais atingidas pelos cortes do or\u00e7amento, est\u00e3o aquelas ligadas \u00e0 Educa\u00e7\u00e3o, Sa\u00fade, Ci\u00eancia e Tecnologia. O MEC, por exemplo, ter\u00e1 R$ 3,2 bilh\u00f5es bloqueados da verba prevista para a pasta em 2022, fato que atingir\u00e1 institutos e universidades federais.<br><\/p>\n\n\n\n<figure class=\"wp-block-image size-full\"><img loading=\"lazy\" decoding=\"async\" width=\"739\" height=\"415\" src=\"https:\/\/blogdorogeriogomes.com.br\/wp-content\/uploads\/2022\/05\/images-79.jpeg\" alt=\"\" class=\"wp-image-25532\" srcset=\"https:\/\/blogdorogeriogomes.com.br\/noticias\/wp-content\/uploads\/2022\/05\/images-79.jpeg 739w, https:\/\/blogdorogeriogomes.com.br\/noticias\/wp-content\/uploads\/2022\/05\/images-79-300x168.jpeg 300w\" sizes=\"auto, (max-width: 739px) 100vw, 739px\" \/><\/figure>\n\n\n\n<p><br><\/p>\n","protected":false},"excerpt":{"rendered":"<p>O presidente Jair Bolsonaro (PL) editou um decreto que bloqueia R$ 8,2 bilh\u00f5es das despesas do Or\u00e7amento de 2022, conforme informou em nota a Secretaria-Geral da Presid\u00eancia da Rep\u00fablica. O Governo Federal alega que a medida \u00e9 importante para garantir o cumprimento do teto de gastos. No entanto, Bolsonaro n\u00e3o incluiu no bloqueio os cerca de R$ 6 bilh\u00f5es para um eventual reajuste de 5% dos sal\u00e1rios do funcionalismo a partir de 1\u00ba de julho, medida considerada importante por&hellip;<\/p>\n","protected":false},"author":1,"featured_media":25532,"comment_status":"open","ping_status":"open","sticky":false,"template":"","format":"standard","meta":{"footnotes":""},"categories":[1],"tags":[],"class_list":["post-25531","post","type-post","status-publish","format-standard","has-post-thumbnail","hentry","category-noticias"],"_links":{"self":[{"href":"https:\/\/blogdorogeriogomes.com.br\/noticias\/wp-json\/wp\/v2\/posts\/25531","targetHints":{"allow":["GET"]}}],"collection":[{"href":"https:\/\/blogdorogeriogomes.com.br\/noticias\/wp-json\/wp\/v2\/posts"}],"about":[{"href":"https:\/\/blogdorogeriogomes.com.br\/noticias\/wp-json\/wp\/v2\/types\/post"}],"author":[{"embeddable":true,"href":"https:\/\/blogdorogeriogomes.com.br\/noticias\/wp-json\/wp\/v2\/users\/1"}],"replies":[{"embeddable":true,"href":"https:\/\/blogdorogeriogomes.com.br\/noticias\/wp-json\/wp\/v2\/comments?post=25531"}],"version-history":[{"count":1,"href":"https:\/\/blogdorogeriogomes.com.br\/noticias\/wp-json\/wp\/v2\/posts\/25531\/revisions"}],"predecessor-version":[{"id":25533,"href":"https:\/\/blogdorogeriogomes.com.br\/noticias\/wp-json\/wp\/v2\/posts\/25531\/revisions\/25533"}],"wp:featuredmedia":[{"embeddable":true,"href":"https:\/\/blogdorogeriogomes.com.br\/noticias\/wp-json\/wp\/v2\/media\/25532"}],"wp:attachment":[{"href":"https:\/\/blogdorogeriogomes.com.br\/noticias\/wp-json\/wp\/v2\/media?parent=25531"}],"wp:term":[{"taxonomy":"category","embeddable":true,"href":"https:\/\/blogdorogeriogomes.com.br\/noticias\/wp-json\/wp\/v2\/categories?post=25531"},{"taxonomy":"post_tag","embeddable":true,"href":"https:\/\/blogdorogeriogomes.com.br\/noticias\/wp-json\/wp\/v2\/tags?post=25531"}],"curies":[{"name":"wp","href":"https:\/\/api.w.org\/{rel}","templated":true}]}}