{"id":25534,"date":"2022-05-31T10:39:57","date_gmt":"2022-05-31T10:39:57","guid":{"rendered":"https:\/\/blogdorogeriogomes.com.br\/?p=25534"},"modified":"2022-06-01T10:27:14","modified_gmt":"2022-06-01T10:27:14","slug":"tasso-jereissati-diz-que-vai-discutir-viabilidade-de-candidatura-propria-do-psdb-no-ceara","status":"publish","type":"post","link":"https:\/\/blogdorogeriogomes.com.br\/noticias\/2022\/05\/tasso-jereissati-diz-que-vai-discutir-viabilidade-de-candidatura-propria-do-psdb-no-ceara\/","title":{"rendered":"Tasso Jereissati diz que vai discutir viabilidade de candidatura pr\u00f3pria do PSDB no Cear\u00e1"},"content":{"rendered":"\n<p>Cotado para ser candidato a vice na chapa presidencial de Simone Tebet (MDB), o senador tucano Tasso Jereissati tamb\u00e9m est\u00e1 de olho na sucess\u00e3o estadual no Cear\u00e1. Tasso disse que vai discutir com o presidente estadual do PSDB, Chiquinho Feitosa, sobre qual a melhor estrat\u00e9gia a ser seguida pelo partido em rela\u00e7\u00e3o \u00e0s elei\u00e7\u00f5es de 2022. &#8220;N\u00f3s vamos ter aquilo que for melhor para o Cear\u00e1. O Estado est\u00e1 num momento ainda de transi\u00e7\u00e3o, com muita pobreza, mas ao mesmo tempo tem uma s\u00e9rie de programas importantes em andamento e o nosso objetivo ser\u00e1 melhorar esses programas e n\u00e3o interromper as conquistas\u201d, ressaltou o senador tucano.<\/p>\n\n\n\n<p>Tasso diz n\u00e3o descartar uma candidatura pr\u00f3pria ao Governo do Estado no Cear\u00e1 e at\u00e9 cita o nome do ex-secret\u00e1rio de Sa\u00fade do Governo Camilo Santana, Dr. Cabeto, como um quadro dentro do PSDB. No entanto, Tasso Jereissati tamb\u00e9m revela um certo alinhamento pol\u00edtico com o grupo dos irm\u00e3os Ciro e Cid Ferreira Gomes. A exemplo de outros aliados, o senador tucano tamb\u00e9m aguarda a defini\u00e7\u00e3o de quem ser\u00e1 o candidato governista para a sucess\u00e3o estadual de outubro para tamb\u00e9m discutir uma poss\u00edvel alian\u00e7a.<\/p>\n\n\n\n<figure class=\"wp-block-image size-full\"><img loading=\"lazy\" decoding=\"async\" width=\"671\" height=\"457\" src=\"https:\/\/blogdorogeriogomes.com.br\/wp-content\/uploads\/2022\/05\/images-80.jpeg\" alt=\"\" class=\"wp-image-25535\" srcset=\"https:\/\/blogdorogeriogomes.com.br\/noticias\/wp-content\/uploads\/2022\/05\/images-80.jpeg 671w, https:\/\/blogdorogeriogomes.com.br\/noticias\/wp-content\/uploads\/2022\/05\/images-80-300x204.jpeg 300w\" sizes=\"auto, (max-width: 671px) 100vw, 671px\" \/><\/figure>\n","protected":false},"excerpt":{"rendered":"<p>Cotado para ser candidato a vice na chapa presidencial de Simone Tebet (MDB), o senador tucano Tasso Jereissati tamb\u00e9m est\u00e1 de olho na sucess\u00e3o estadual no Cear\u00e1. Tasso disse que vai discutir com o presidente estadual do PSDB, Chiquinho Feitosa, sobre qual a melhor estrat\u00e9gia a ser seguida pelo partido em rela\u00e7\u00e3o \u00e0s elei\u00e7\u00f5es de 2022. &#8220;N\u00f3s vamos ter aquilo que for melhor para o Cear\u00e1. O Estado est\u00e1 num momento ainda de transi\u00e7\u00e3o, com muita pobreza, mas ao&hellip;<\/p>\n","protected":false},"author":1,"featured_media":25535,"comment_status":"open","ping_status":"open","sticky":false,"template":"","format":"standard","meta":{"footnotes":""},"categories":[1],"tags":[],"class_list":["post-25534","post","type-post","status-publish","format-standard","has-post-thumbnail","hentry","category-noticias"],"_links":{"self":[{"href":"https:\/\/blogdorogeriogomes.com.br\/noticias\/wp-json\/wp\/v2\/posts\/25534","targetHints":{"allow":["GET"]}}],"collection":[{"href":"https:\/\/blogdorogeriogomes.com.br\/noticias\/wp-json\/wp\/v2\/posts"}],"about":[{"href":"https:\/\/blogdorogeriogomes.com.br\/noticias\/wp-json\/wp\/v2\/types\/post"}],"author":[{"embeddable":true,"href":"https:\/\/blogdorogeriogomes.com.br\/noticias\/wp-json\/wp\/v2\/users\/1"}],"replies":[{"embeddable":true,"href":"https:\/\/blogdorogeriogomes.com.br\/noticias\/wp-json\/wp\/v2\/comments?post=25534"}],"version-history":[{"count":1,"href":"https:\/\/blogdorogeriogomes.com.br\/noticias\/wp-json\/wp\/v2\/posts\/25534\/revisions"}],"predecessor-version":[{"id":25536,"href":"https:\/\/blogdorogeriogomes.com.br\/noticias\/wp-json\/wp\/v2\/posts\/25534\/revisions\/25536"}],"wp:featuredmedia":[{"embeddable":true,"href":"https:\/\/blogdorogeriogomes.com.br\/noticias\/wp-json\/wp\/v2\/media\/25535"}],"wp:attachment":[{"href":"https:\/\/blogdorogeriogomes.com.br\/noticias\/wp-json\/wp\/v2\/media?parent=25534"}],"wp:term":[{"taxonomy":"category","embeddable":true,"href":"https:\/\/blogdorogeriogomes.com.br\/noticias\/wp-json\/wp\/v2\/categories?post=25534"},{"taxonomy":"post_tag","embeddable":true,"href":"https:\/\/blogdorogeriogomes.com.br\/noticias\/wp-json\/wp\/v2\/tags?post=25534"}],"curies":[{"name":"wp","href":"https:\/\/api.w.org\/{rel}","templated":true}]}}