{"id":25540,"date":"2022-05-31T18:16:18","date_gmt":"2022-05-31T18:16:18","guid":{"rendered":"https:\/\/blogdorogeriogomes.com.br\/?p=25540"},"modified":"2022-06-01T10:27:07","modified_gmt":"2022-06-01T10:27:07","slug":"estado-inicia-recuperacao-de-1-510-quilometros-de-rodovias-cearenses-atingidas-pelas-chuvas","status":"publish","type":"post","link":"https:\/\/blogdorogeriogomes.com.br\/noticias\/2022\/05\/estado-inicia-recuperacao-de-1-510-quilometros-de-rodovias-cearenses-atingidas-pelas-chuvas\/","title":{"rendered":"Estado inicia recupera\u00e7\u00e3o de 1.510 quil\u00f4metros de rodovias cearenses atingidas pelas chuvas"},"content":{"rendered":"\n<p>O plano de recupera\u00e7\u00e3o de rodovias estaduais executado pelo Governo do Cear\u00e1 vai beneficiar 1.510 quil\u00f4metros de CEs em 89 munic\u00edpios. Os trechos foram os mais prejudicados pela quadra chuvosa deste ano, al\u00e9m do desgaste natural provocado pelo tr\u00e1fego de ve\u00edculos. De acordo com a governadora Izolda Cela (PDT), o investimento ser\u00e1 de R$ 477 milh\u00f5es e ter\u00e1 prazo de execu\u00e7\u00e3o de um ano.<\/p>\n\n\n\n<p>Dentro do Programa Cear\u00e1 de Ponta a Ponta, executado pela Superintend\u00eancia de Obras P\u00fablicas, o pacote alcan\u00e7ar\u00e1 o territ\u00f3rio de 89 munic\u00edpios, com servi\u00e7os de reciclagem de base com adi\u00e7\u00e3o de brita; pavimenta\u00e7\u00e3o com revestimento asf\u00e1ltico; e sinaliza\u00e7\u00e3o horizontal e vertical.<\/p>\n\n\n\n<figure class=\"wp-block-image size-full\"><img loading=\"lazy\" decoding=\"async\" width=\"738\" height=\"415\" src=\"https:\/\/blogdorogeriogomes.com.br\/wp-content\/uploads\/2022\/05\/images-81.jpeg\" alt=\"\" class=\"wp-image-25541\" srcset=\"https:\/\/blogdorogeriogomes.com.br\/noticias\/wp-content\/uploads\/2022\/05\/images-81.jpeg 738w, https:\/\/blogdorogeriogomes.com.br\/noticias\/wp-content\/uploads\/2022\/05\/images-81-300x169.jpeg 300w\" sizes=\"auto, (max-width: 738px) 100vw, 738px\" \/><\/figure>\n","protected":false},"excerpt":{"rendered":"<p>O plano de recupera\u00e7\u00e3o de rodovias estaduais executado pelo Governo do Cear\u00e1 vai beneficiar 1.510 quil\u00f4metros de CEs em 89 munic\u00edpios. Os trechos foram os mais prejudicados pela quadra chuvosa deste ano, al\u00e9m do desgaste natural provocado pelo tr\u00e1fego de ve\u00edculos. De acordo com a governadora Izolda Cela (PDT), o investimento ser\u00e1 de R$ 477 milh\u00f5es e ter\u00e1 prazo de execu\u00e7\u00e3o de um ano. Dentro do Programa Cear\u00e1 de Ponta a Ponta, executado pela Superintend\u00eancia de Obras P\u00fablicas, o&hellip;<\/p>\n","protected":false},"author":1,"featured_media":25541,"comment_status":"open","ping_status":"open","sticky":false,"template":"","format":"standard","meta":{"footnotes":""},"categories":[1],"tags":[],"class_list":["post-25540","post","type-post","status-publish","format-standard","has-post-thumbnail","hentry","category-noticias"],"_links":{"self":[{"href":"https:\/\/blogdorogeriogomes.com.br\/noticias\/wp-json\/wp\/v2\/posts\/25540","targetHints":{"allow":["GET"]}}],"collection":[{"href":"https:\/\/blogdorogeriogomes.com.br\/noticias\/wp-json\/wp\/v2\/posts"}],"about":[{"href":"https:\/\/blogdorogeriogomes.com.br\/noticias\/wp-json\/wp\/v2\/types\/post"}],"author":[{"embeddable":true,"href":"https:\/\/blogdorogeriogomes.com.br\/noticias\/wp-json\/wp\/v2\/users\/1"}],"replies":[{"embeddable":true,"href":"https:\/\/blogdorogeriogomes.com.br\/noticias\/wp-json\/wp\/v2\/comments?post=25540"}],"version-history":[{"count":1,"href":"https:\/\/blogdorogeriogomes.com.br\/noticias\/wp-json\/wp\/v2\/posts\/25540\/revisions"}],"predecessor-version":[{"id":25542,"href":"https:\/\/blogdorogeriogomes.com.br\/noticias\/wp-json\/wp\/v2\/posts\/25540\/revisions\/25542"}],"wp:featuredmedia":[{"embeddable":true,"href":"https:\/\/blogdorogeriogomes.com.br\/noticias\/wp-json\/wp\/v2\/media\/25541"}],"wp:attachment":[{"href":"https:\/\/blogdorogeriogomes.com.br\/noticias\/wp-json\/wp\/v2\/media?parent=25540"}],"wp:term":[{"taxonomy":"category","embeddable":true,"href":"https:\/\/blogdorogeriogomes.com.br\/noticias\/wp-json\/wp\/v2\/categories?post=25540"},{"taxonomy":"post_tag","embeddable":true,"href":"https:\/\/blogdorogeriogomes.com.br\/noticias\/wp-json\/wp\/v2\/tags?post=25540"}],"curies":[{"name":"wp","href":"https:\/\/api.w.org\/{rel}","templated":true}]}}