{"id":25543,"date":"2022-05-31T20:59:14","date_gmt":"2022-05-31T20:59:14","guid":{"rendered":"https:\/\/blogdorogeriogomes.com.br\/?p=25543"},"modified":"2022-06-01T10:26:57","modified_gmt":"2022-06-01T10:26:57","slug":"prefeitura-de-fortaleza-decide-acionar-justica-para-barrar-venda-da-lubnor-pela-petrobras","status":"publish","type":"post","link":"https:\/\/blogdorogeriogomes.com.br\/noticias\/2022\/05\/prefeitura-de-fortaleza-decide-acionar-justica-para-barrar-venda-da-lubnor-pela-petrobras\/","title":{"rendered":"Prefeitura de Fortaleza decide acionar Justi\u00e7a para barrar venda da Lubnor pela Petrobras"},"content":{"rendered":"\n<p>O prefeito de Fortaleza, Jos\u00e9 Sarto (PDT), que est\u00e1 em miss\u00e3o oficial na Su\u00e9cia, anunciou pelas redes sociais nesta ter\u00e7a-feira, dia 31 de maio, que a Prefeitura da Capital vai acionar a Justi\u00e7a para que a privatiza\u00e7\u00e3o da refinaria Lubnor (Lubrificantes e Derivados de Petr\u00f3leo do Nordeste) seja anulada. A venda do empreendimento est\u00e1 em processo de conclus\u00e3o. A refinaria funciona em um terreno com 30% de \u00e1rea \u00e9 p\u00fablica. A negocia\u00e7\u00e3o com a Petrobras sobre terreno n\u00e3o avan\u00e7ou.<\/p>\n\n\n\n<p>O uso do terreno foi cedido na d\u00e9cada de 1970 pela Prefeitura de Fortaleza. A Lubnor foi vendida \u00e0 Grepar Participa\u00e7\u00f5es por US$ 34 milh\u00f5es (R$ 164,4 milh\u00f5es) na semana passada. O Conselho Administrativo de Defesa Econ\u00f4mica (Cade) precisa aprovar a transa\u00e7\u00e3o.<\/p>\n\n\n\n<p>&#8220;Ficamos surpresos com o an\u00fancio e com o valor. A Procuradoria do Munic\u00edpio j\u00e1 est\u00e1 oficiando a Petrobras e a Lubnor para pegar todas as informa\u00e7\u00f5es para judicializar a quest\u00e3o&#8221;, afirmou Jos\u00e9 Sarto.<\/p>\n\n\n\n<figure class=\"wp-block-image size-full\"><img loading=\"lazy\" decoding=\"async\" width=\"739\" height=\"415\" src=\"https:\/\/blogdorogeriogomes.com.br\/wp-content\/uploads\/2022\/05\/images-82.jpeg\" alt=\"\" class=\"wp-image-25544\" srcset=\"https:\/\/blogdorogeriogomes.com.br\/noticias\/wp-content\/uploads\/2022\/05\/images-82.jpeg 739w, https:\/\/blogdorogeriogomes.com.br\/noticias\/wp-content\/uploads\/2022\/05\/images-82-300x168.jpeg 300w\" sizes=\"auto, (max-width: 739px) 100vw, 739px\" \/><\/figure>\n","protected":false},"excerpt":{"rendered":"<p>O prefeito de Fortaleza, Jos\u00e9 Sarto (PDT), que est\u00e1 em miss\u00e3o oficial na Su\u00e9cia, anunciou pelas redes sociais nesta ter\u00e7a-feira, dia 31 de maio, que a Prefeitura da Capital vai acionar a Justi\u00e7a para que a privatiza\u00e7\u00e3o da refinaria Lubnor (Lubrificantes e Derivados de Petr\u00f3leo do Nordeste) seja anulada. A venda do empreendimento est\u00e1 em processo de conclus\u00e3o. A refinaria funciona em um terreno com 30% de \u00e1rea \u00e9 p\u00fablica. A negocia\u00e7\u00e3o com a Petrobras sobre terreno n\u00e3o avan\u00e7ou.&hellip;<\/p>\n","protected":false},"author":1,"featured_media":25544,"comment_status":"open","ping_status":"open","sticky":false,"template":"","format":"standard","meta":{"footnotes":""},"categories":[1],"tags":[],"class_list":["post-25543","post","type-post","status-publish","format-standard","has-post-thumbnail","hentry","category-noticias"],"_links":{"self":[{"href":"https:\/\/blogdorogeriogomes.com.br\/noticias\/wp-json\/wp\/v2\/posts\/25543","targetHints":{"allow":["GET"]}}],"collection":[{"href":"https:\/\/blogdorogeriogomes.com.br\/noticias\/wp-json\/wp\/v2\/posts"}],"about":[{"href":"https:\/\/blogdorogeriogomes.com.br\/noticias\/wp-json\/wp\/v2\/types\/post"}],"author":[{"embeddable":true,"href":"https:\/\/blogdorogeriogomes.com.br\/noticias\/wp-json\/wp\/v2\/users\/1"}],"replies":[{"embeddable":true,"href":"https:\/\/blogdorogeriogomes.com.br\/noticias\/wp-json\/wp\/v2\/comments?post=25543"}],"version-history":[{"count":1,"href":"https:\/\/blogdorogeriogomes.com.br\/noticias\/wp-json\/wp\/v2\/posts\/25543\/revisions"}],"predecessor-version":[{"id":25545,"href":"https:\/\/blogdorogeriogomes.com.br\/noticias\/wp-json\/wp\/v2\/posts\/25543\/revisions\/25545"}],"wp:featuredmedia":[{"embeddable":true,"href":"https:\/\/blogdorogeriogomes.com.br\/noticias\/wp-json\/wp\/v2\/media\/25544"}],"wp:attachment":[{"href":"https:\/\/blogdorogeriogomes.com.br\/noticias\/wp-json\/wp\/v2\/media?parent=25543"}],"wp:term":[{"taxonomy":"category","embeddable":true,"href":"https:\/\/blogdorogeriogomes.com.br\/noticias\/wp-json\/wp\/v2\/categories?post=25543"},{"taxonomy":"post_tag","embeddable":true,"href":"https:\/\/blogdorogeriogomes.com.br\/noticias\/wp-json\/wp\/v2\/tags?post=25543"}],"curies":[{"name":"wp","href":"https:\/\/api.w.org\/{rel}","templated":true}]}}