{"id":25546,"date":"2022-06-01T09:27:08","date_gmt":"2022-06-01T09:27:08","guid":{"rendered":"https:\/\/blogdorogeriogomes.com.br\/?p=25546"},"modified":"2022-06-01T10:26:49","modified_gmt":"2022-06-01T10:26:49","slug":"uniao-brasil-lanca-luciano-bivar-como-candidato-a-presidente-mas-no-ceara-capitao-wagner-deve-continuar-no-bonde-bolsonarista","status":"publish","type":"post","link":"https:\/\/blogdorogeriogomes.com.br\/noticias\/2022\/06\/uniao-brasil-lanca-luciano-bivar-como-candidato-a-presidente-mas-no-ceara-capitao-wagner-deve-continuar-no-bonde-bolsonarista\/","title":{"rendered":"Uni\u00e3o Brasil lan\u00e7a Luciano Bivar como candidato a presidente, mas no Cear\u00e1, Capit\u00e3o Wagner deve continuar no &#8220;bonde bolsonarista&#8221;"},"content":{"rendered":"\n<p>Sem acordo de candidatura \u00fanica com PSDB, MDB e Cidadania, o Uni\u00e3o Brasil lan\u00e7ou o nome de Luciano Bivar para concorrer \u00e0 Presid\u00eancia da Rep\u00fablica. Sem express\u00e3o nacional, Bivar \u00e9 o presidente nacional do partido e parece mesmo estar realmente preocupado com o fundo partid\u00e1rio que ter\u00e1 direito a administrar.<\/p>\n\n\n\n<p>Sem nenhuma relev\u00e2ncia nas pesquisas eleitorais, Luciano Bivar deve liberar os filiados nos estados a apoiar quem quiser na disputa presidencial. No Cear\u00e1, a tend\u00eancia \u00e9 que o principal l\u00edder na oposi\u00e7\u00e3o Capit\u00e3o Wagner (Uni\u00e3o Brasil) e seus aliados continuem no &#8220;bonde bolsonarista&#8221;.<\/p>\n\n\n\n<p>Al\u00e9m de apoiar Jair Bolsonaro (PL) \u00e0 reelei\u00e7\u00e3o, Wagner busca outros apoios para a disputa estadual. E claro, quer fazer novos deputados federais e estaduais. Para a C\u00e2mara dos Deputados, aposta por exemplo na elei\u00e7\u00e3o da esposa que deve ser candidata. \u00c9 a &#8220;Dayane do Capit\u00e3o&#8221;.<\/p>\n\n\n\n<p>O candidato a vice na chapa n\u00e3o foi escolhido, mas a vaga no Senado ser\u00e1 disputada no Uni\u00e3o Brasil por \u00c9sio de Souza J\u00fanior, marido da deputada estadual Fernanda Pessoa. <\/p>\n\n\n\n<figure class=\"wp-block-image size-full\"><img loading=\"lazy\" decoding=\"async\" width=\"418\" height=\"314\" src=\"https:\/\/blogdorogeriogomes.com.br\/wp-content\/uploads\/2022\/06\/Capit-o-Wagner.jpg\" alt=\"\" class=\"wp-image-25547\" srcset=\"https:\/\/blogdorogeriogomes.com.br\/noticias\/wp-content\/uploads\/2022\/06\/Capit-o-Wagner.jpg 418w, https:\/\/blogdorogeriogomes.com.br\/noticias\/wp-content\/uploads\/2022\/06\/Capit-o-Wagner-300x225.jpg 300w, https:\/\/blogdorogeriogomes.com.br\/noticias\/wp-content\/uploads\/2022\/06\/Capit-o-Wagner-400x300.jpg 400w\" sizes=\"auto, (max-width: 418px) 100vw, 418px\" \/><\/figure>\n\n\n\n<p><\/p>\n","protected":false},"excerpt":{"rendered":"<p>Sem acordo de candidatura \u00fanica com PSDB, MDB e Cidadania, o Uni\u00e3o Brasil lan\u00e7ou o nome de Luciano Bivar para concorrer \u00e0 Presid\u00eancia da Rep\u00fablica. Sem express\u00e3o nacional, Bivar \u00e9 o presidente nacional do partido e parece mesmo estar realmente preocupado com o fundo partid\u00e1rio que ter\u00e1 direito a administrar. Sem nenhuma relev\u00e2ncia nas pesquisas eleitorais, Luciano Bivar deve liberar os filiados nos estados a apoiar quem quiser na disputa presidencial. No Cear\u00e1, a tend\u00eancia \u00e9 que o principal&hellip;<\/p>\n","protected":false},"author":1,"featured_media":25547,"comment_status":"open","ping_status":"open","sticky":false,"template":"","format":"standard","meta":{"footnotes":""},"categories":[1],"tags":[],"class_list":["post-25546","post","type-post","status-publish","format-standard","has-post-thumbnail","hentry","category-noticias"],"_links":{"self":[{"href":"https:\/\/blogdorogeriogomes.com.br\/noticias\/wp-json\/wp\/v2\/posts\/25546","targetHints":{"allow":["GET"]}}],"collection":[{"href":"https:\/\/blogdorogeriogomes.com.br\/noticias\/wp-json\/wp\/v2\/posts"}],"about":[{"href":"https:\/\/blogdorogeriogomes.com.br\/noticias\/wp-json\/wp\/v2\/types\/post"}],"author":[{"embeddable":true,"href":"https:\/\/blogdorogeriogomes.com.br\/noticias\/wp-json\/wp\/v2\/users\/1"}],"replies":[{"embeddable":true,"href":"https:\/\/blogdorogeriogomes.com.br\/noticias\/wp-json\/wp\/v2\/comments?post=25546"}],"version-history":[{"count":1,"href":"https:\/\/blogdorogeriogomes.com.br\/noticias\/wp-json\/wp\/v2\/posts\/25546\/revisions"}],"predecessor-version":[{"id":25548,"href":"https:\/\/blogdorogeriogomes.com.br\/noticias\/wp-json\/wp\/v2\/posts\/25546\/revisions\/25548"}],"wp:featuredmedia":[{"embeddable":true,"href":"https:\/\/blogdorogeriogomes.com.br\/noticias\/wp-json\/wp\/v2\/media\/25547"}],"wp:attachment":[{"href":"https:\/\/blogdorogeriogomes.com.br\/noticias\/wp-json\/wp\/v2\/media?parent=25546"}],"wp:term":[{"taxonomy":"category","embeddable":true,"href":"https:\/\/blogdorogeriogomes.com.br\/noticias\/wp-json\/wp\/v2\/categories?post=25546"},{"taxonomy":"post_tag","embeddable":true,"href":"https:\/\/blogdorogeriogomes.com.br\/noticias\/wp-json\/wp\/v2\/tags?post=25546"}],"curies":[{"name":"wp","href":"https:\/\/api.w.org\/{rel}","templated":true}]}}