{"id":25568,"date":"2022-06-02T11:15:44","date_gmt":"2022-06-02T11:15:44","guid":{"rendered":"https:\/\/blogdorogeriogomes.com.br\/?p=25568"},"modified":"2022-06-02T12:42:42","modified_gmt":"2022-06-02T12:42:42","slug":"ceara-tem-a-terceira-maior-quadra-chuvosa-dos-ultimos-10-anos-mesmo-em-junho-precipitacoes-continuam","status":"publish","type":"post","link":"https:\/\/blogdorogeriogomes.com.br\/noticias\/2022\/06\/ceara-tem-a-terceira-maior-quadra-chuvosa-dos-ultimos-10-anos-mesmo-em-junho-precipitacoes-continuam\/","title":{"rendered":"Cear\u00e1 tem a terceira maior quadra chuvosa dos \u00faltimos 10 anos. Mesmo em junho, precipita\u00e7\u00f5es continuam"},"content":{"rendered":"\n<p>M\u00eas de junho chegou, mas as chuvas prosseguem no Cear\u00e1. Segundo a Funceme, a quadra chuvosa deste ano registrou acumulado m\u00e9dio de 620 mil\u00edmetros. \u00c9 o terceiro maior dos \u00faltimos 10 anos. O \u00edndice representa o volume m\u00e9dio de precipita\u00e7\u00f5es nos 184 munic\u00edpios do Estado entre 1\u00ba de fevereiro e 31 de maio.<\/p>\n\n\n\n<p>Mesmo com o fim do per\u00edodo oficial da quadra chuvosa em maio, as precipita\u00e7\u00f5es continuam em todo o Estado. O maior registro nas \u00faltimas 24 horas foi em Quiterian\u00f3polis, no Sert\u00e3o Central, com 101mm. Em Fortaleza, choveu 70mm at\u00e9 \u00e0s 7 horas da manh\u00e3.<br><\/p>\n\n\n\n<figure class=\"wp-block-image size-full\"><img loading=\"lazy\" decoding=\"async\" width=\"738\" height=\"416\" src=\"https:\/\/blogdorogeriogomes.com.br\/wp-content\/uploads\/2022\/06\/images-85.jpeg\" alt=\"\" class=\"wp-image-25569\" srcset=\"https:\/\/blogdorogeriogomes.com.br\/noticias\/wp-content\/uploads\/2022\/06\/images-85.jpeg 738w, https:\/\/blogdorogeriogomes.com.br\/noticias\/wp-content\/uploads\/2022\/06\/images-85-300x169.jpeg 300w\" sizes=\"auto, (max-width: 738px) 100vw, 738px\" \/><\/figure>\n\n\n\n<p><br><\/p>\n","protected":false},"excerpt":{"rendered":"<p>M\u00eas de junho chegou, mas as chuvas prosseguem no Cear\u00e1. Segundo a Funceme, a quadra chuvosa deste ano registrou acumulado m\u00e9dio de 620 mil\u00edmetros. \u00c9 o terceiro maior dos \u00faltimos 10 anos. O \u00edndice representa o volume m\u00e9dio de precipita\u00e7\u00f5es nos 184 munic\u00edpios do Estado entre 1\u00ba de fevereiro e 31 de maio. Mesmo com o fim do per\u00edodo oficial da quadra chuvosa em maio, as precipita\u00e7\u00f5es continuam em todo o Estado. O maior registro nas \u00faltimas 24 horas&hellip;<\/p>\n","protected":false},"author":1,"featured_media":25569,"comment_status":"open","ping_status":"open","sticky":false,"template":"","format":"standard","meta":{"footnotes":""},"categories":[1],"tags":[],"class_list":["post-25568","post","type-post","status-publish","format-standard","has-post-thumbnail","hentry","category-noticias"],"_links":{"self":[{"href":"https:\/\/blogdorogeriogomes.com.br\/noticias\/wp-json\/wp\/v2\/posts\/25568","targetHints":{"allow":["GET"]}}],"collection":[{"href":"https:\/\/blogdorogeriogomes.com.br\/noticias\/wp-json\/wp\/v2\/posts"}],"about":[{"href":"https:\/\/blogdorogeriogomes.com.br\/noticias\/wp-json\/wp\/v2\/types\/post"}],"author":[{"embeddable":true,"href":"https:\/\/blogdorogeriogomes.com.br\/noticias\/wp-json\/wp\/v2\/users\/1"}],"replies":[{"embeddable":true,"href":"https:\/\/blogdorogeriogomes.com.br\/noticias\/wp-json\/wp\/v2\/comments?post=25568"}],"version-history":[{"count":1,"href":"https:\/\/blogdorogeriogomes.com.br\/noticias\/wp-json\/wp\/v2\/posts\/25568\/revisions"}],"predecessor-version":[{"id":25570,"href":"https:\/\/blogdorogeriogomes.com.br\/noticias\/wp-json\/wp\/v2\/posts\/25568\/revisions\/25570"}],"wp:featuredmedia":[{"embeddable":true,"href":"https:\/\/blogdorogeriogomes.com.br\/noticias\/wp-json\/wp\/v2\/media\/25569"}],"wp:attachment":[{"href":"https:\/\/blogdorogeriogomes.com.br\/noticias\/wp-json\/wp\/v2\/media?parent=25568"}],"wp:term":[{"taxonomy":"category","embeddable":true,"href":"https:\/\/blogdorogeriogomes.com.br\/noticias\/wp-json\/wp\/v2\/categories?post=25568"},{"taxonomy":"post_tag","embeddable":true,"href":"https:\/\/blogdorogeriogomes.com.br\/noticias\/wp-json\/wp\/v2\/tags?post=25568"}],"curies":[{"name":"wp","href":"https:\/\/api.w.org\/{rel}","templated":true}]}}