{"id":25571,"date":"2022-06-02T11:54:49","date_gmt":"2022-06-02T11:54:49","guid":{"rendered":"https:\/\/blogdorogeriogomes.com.br\/?p=25571"},"modified":"2022-06-02T12:42:36","modified_gmt":"2022-06-02T12:42:36","slug":"psdb-faz-exigencias-para-fechar-parceria-com-mdb-na-corrida-presidencial","status":"publish","type":"post","link":"https:\/\/blogdorogeriogomes.com.br\/noticias\/2022\/06\/psdb-faz-exigencias-para-fechar-parceria-com-mdb-na-corrida-presidencial\/","title":{"rendered":"PSDB faz exig\u00eancias para fechar parceria com MDB na corrida presidencial"},"content":{"rendered":"\n<p>A alian\u00e7a entre PSDB, MDB e Cidadania parece estar fechada em torno da candidatura da senadora Simone Tebet (MDB) \u00e0 Presid\u00eancia da Rep\u00fablica. Mas o ninho tucano faz exig\u00eancias para consolidar a parceria. Quer que o MDB abra m\u00e3o de candidaturas regionais no Rio Grande do Sul, Pernambuco e Minas Gerais para apoiar nomes do PSDB.<\/p>\n\n\n\n<p>A exig\u00eancia, no entanto, n\u00e3o foi bem recebida por dirigentes do MDB e do&nbsp;Cidadania, que advertiram integrantes do&nbsp;PSDB de que palanques regionais n\u00e3o est\u00e3o no acordo da terceira via.<\/p>\n\n\n\n<p>O fato \u00e9 que, de acordo com as pesquisas eleitorais, a terceira via n\u00e3o consegue empolgar e um dos motivos est\u00e1 na pr\u00f3pria divis\u00e3o interna dos partidos da alian\u00e7a.<\/p>\n\n\n\n<figure class=\"wp-block-image size-full\"><img loading=\"lazy\" decoding=\"async\" width=\"678\" height=\"452\" src=\"https:\/\/blogdorogeriogomes.com.br\/wp-content\/uploads\/2022\/06\/images-87.jpeg\" alt=\"\" class=\"wp-image-25572\" srcset=\"https:\/\/blogdorogeriogomes.com.br\/noticias\/wp-content\/uploads\/2022\/06\/images-87.jpeg 678w, https:\/\/blogdorogeriogomes.com.br\/noticias\/wp-content\/uploads\/2022\/06\/images-87-300x200.jpeg 300w\" sizes=\"auto, (max-width: 678px) 100vw, 678px\" \/><\/figure>\n","protected":false},"excerpt":{"rendered":"<p>A alian\u00e7a entre PSDB, MDB e Cidadania parece estar fechada em torno da candidatura da senadora Simone Tebet (MDB) \u00e0 Presid\u00eancia da Rep\u00fablica. Mas o ninho tucano faz exig\u00eancias para consolidar a parceria. Quer que o MDB abra m\u00e3o de candidaturas regionais no Rio Grande do Sul, Pernambuco e Minas Gerais para apoiar nomes do PSDB. A exig\u00eancia, no entanto, n\u00e3o foi bem recebida por dirigentes do MDB e do&nbsp;Cidadania, que advertiram integrantes do&nbsp;PSDB de que palanques regionais n\u00e3o&hellip;<\/p>\n","protected":false},"author":1,"featured_media":25572,"comment_status":"open","ping_status":"open","sticky":false,"template":"","format":"standard","meta":{"footnotes":""},"categories":[1],"tags":[],"class_list":["post-25571","post","type-post","status-publish","format-standard","has-post-thumbnail","hentry","category-noticias"],"_links":{"self":[{"href":"https:\/\/blogdorogeriogomes.com.br\/noticias\/wp-json\/wp\/v2\/posts\/25571","targetHints":{"allow":["GET"]}}],"collection":[{"href":"https:\/\/blogdorogeriogomes.com.br\/noticias\/wp-json\/wp\/v2\/posts"}],"about":[{"href":"https:\/\/blogdorogeriogomes.com.br\/noticias\/wp-json\/wp\/v2\/types\/post"}],"author":[{"embeddable":true,"href":"https:\/\/blogdorogeriogomes.com.br\/noticias\/wp-json\/wp\/v2\/users\/1"}],"replies":[{"embeddable":true,"href":"https:\/\/blogdorogeriogomes.com.br\/noticias\/wp-json\/wp\/v2\/comments?post=25571"}],"version-history":[{"count":2,"href":"https:\/\/blogdorogeriogomes.com.br\/noticias\/wp-json\/wp\/v2\/posts\/25571\/revisions"}],"predecessor-version":[{"id":25577,"href":"https:\/\/blogdorogeriogomes.com.br\/noticias\/wp-json\/wp\/v2\/posts\/25571\/revisions\/25577"}],"wp:featuredmedia":[{"embeddable":true,"href":"https:\/\/blogdorogeriogomes.com.br\/noticias\/wp-json\/wp\/v2\/media\/25572"}],"wp:attachment":[{"href":"https:\/\/blogdorogeriogomes.com.br\/noticias\/wp-json\/wp\/v2\/media?parent=25571"}],"wp:term":[{"taxonomy":"category","embeddable":true,"href":"https:\/\/blogdorogeriogomes.com.br\/noticias\/wp-json\/wp\/v2\/categories?post=25571"},{"taxonomy":"post_tag","embeddable":true,"href":"https:\/\/blogdorogeriogomes.com.br\/noticias\/wp-json\/wp\/v2\/tags?post=25571"}],"curies":[{"name":"wp","href":"https:\/\/api.w.org\/{rel}","templated":true}]}}