{"id":25580,"date":"2022-06-02T22:57:44","date_gmt":"2022-06-02T22:57:44","guid":{"rendered":"https:\/\/blogdorogeriogomes.com.br\/?p=25580"},"modified":"2022-06-03T09:11:55","modified_gmt":"2022-06-03T09:11:55","slug":"ministerio-da-saude-autoriza-quarta-dose-da-vacina-contra-a-covid-19-para-pessoas-a-partir-de-50-anos","status":"publish","type":"post","link":"https:\/\/blogdorogeriogomes.com.br\/noticias\/2022\/06\/ministerio-da-saude-autoriza-quarta-dose-da-vacina-contra-a-covid-19-para-pessoas-a-partir-de-50-anos\/","title":{"rendered":"Minist\u00e9rio da Sa\u00fade autoriza quarta dose da vacina contra a Covid-19 para pessoas a partir de 50 anos"},"content":{"rendered":"\n<p>O Minist\u00e9rio da Sa\u00fade anunciou que a pasta vai autorizar a&nbsp;oferta da quarta dose de vacina contra a Covid-19 para pessoas com 50 anos ou mais. At\u00e9 agora, o minist\u00e9rio havia liberado essa dose apenas a pessoas com 60 anos ou mais, al\u00e9m de imunossuprimidos.<\/p>\n\n\n\n<p>Ao aprovar a quarta dose para pessoas com 60 anos ou mais, a Sa\u00fade recomendou a aplica\u00e7\u00e3o quatro meses ap\u00f3s a imuniza\u00e7\u00e3o com a primeira dose de refor\u00e7o. As vacinas apontadas para o esquema foram as das farmac\u00eauticas Pfizer, Janssen e AstraZeneca.<\/p>\n\n\n\n<figure class=\"wp-block-image size-large\"><img loading=\"lazy\" decoding=\"async\" width=\"1024\" height=\"576\" src=\"https:\/\/blogdorogeriogomes.com.br\/wp-content\/uploads\/2022\/06\/vacinacao-covid-01-imprensa-1024x576.jpg\" alt=\"\" class=\"wp-image-25581\" srcset=\"https:\/\/blogdorogeriogomes.com.br\/noticias\/wp-content\/uploads\/2022\/06\/vacinacao-covid-01-imprensa-1024x576.jpg 1024w, https:\/\/blogdorogeriogomes.com.br\/noticias\/wp-content\/uploads\/2022\/06\/vacinacao-covid-01-imprensa-300x169.jpg 300w, https:\/\/blogdorogeriogomes.com.br\/noticias\/wp-content\/uploads\/2022\/06\/vacinacao-covid-01-imprensa-768x432.jpg 768w, https:\/\/blogdorogeriogomes.com.br\/noticias\/wp-content\/uploads\/2022\/06\/vacinacao-covid-01-imprensa-800x450.jpg 800w, https:\/\/blogdorogeriogomes.com.br\/noticias\/wp-content\/uploads\/2022\/06\/vacinacao-covid-01-imprensa.jpg 1080w\" sizes=\"auto, (max-width: 1024px) 100vw, 1024px\" \/><\/figure>\n","protected":false},"excerpt":{"rendered":"<p>O Minist\u00e9rio da Sa\u00fade anunciou que a pasta vai autorizar a&nbsp;oferta da quarta dose de vacina contra a Covid-19 para pessoas com 50 anos ou mais. At\u00e9 agora, o minist\u00e9rio havia liberado essa dose apenas a pessoas com 60 anos ou mais, al\u00e9m de imunossuprimidos. Ao aprovar a quarta dose para pessoas com 60 anos ou mais, a Sa\u00fade recomendou a aplica\u00e7\u00e3o quatro meses ap\u00f3s a imuniza\u00e7\u00e3o com a primeira dose de refor\u00e7o. As vacinas apontadas para o esquema&hellip;<\/p>\n","protected":false},"author":1,"featured_media":25581,"comment_status":"open","ping_status":"open","sticky":false,"template":"","format":"standard","meta":{"footnotes":""},"categories":[1],"tags":[],"class_list":["post-25580","post","type-post","status-publish","format-standard","has-post-thumbnail","hentry","category-noticias"],"_links":{"self":[{"href":"https:\/\/blogdorogeriogomes.com.br\/noticias\/wp-json\/wp\/v2\/posts\/25580","targetHints":{"allow":["GET"]}}],"collection":[{"href":"https:\/\/blogdorogeriogomes.com.br\/noticias\/wp-json\/wp\/v2\/posts"}],"about":[{"href":"https:\/\/blogdorogeriogomes.com.br\/noticias\/wp-json\/wp\/v2\/types\/post"}],"author":[{"embeddable":true,"href":"https:\/\/blogdorogeriogomes.com.br\/noticias\/wp-json\/wp\/v2\/users\/1"}],"replies":[{"embeddable":true,"href":"https:\/\/blogdorogeriogomes.com.br\/noticias\/wp-json\/wp\/v2\/comments?post=25580"}],"version-history":[{"count":2,"href":"https:\/\/blogdorogeriogomes.com.br\/noticias\/wp-json\/wp\/v2\/posts\/25580\/revisions"}],"predecessor-version":[{"id":25587,"href":"https:\/\/blogdorogeriogomes.com.br\/noticias\/wp-json\/wp\/v2\/posts\/25580\/revisions\/25587"}],"wp:featuredmedia":[{"embeddable":true,"href":"https:\/\/blogdorogeriogomes.com.br\/noticias\/wp-json\/wp\/v2\/media\/25581"}],"wp:attachment":[{"href":"https:\/\/blogdorogeriogomes.com.br\/noticias\/wp-json\/wp\/v2\/media?parent=25580"}],"wp:term":[{"taxonomy":"category","embeddable":true,"href":"https:\/\/blogdorogeriogomes.com.br\/noticias\/wp-json\/wp\/v2\/categories?post=25580"},{"taxonomy":"post_tag","embeddable":true,"href":"https:\/\/blogdorogeriogomes.com.br\/noticias\/wp-json\/wp\/v2\/tags?post=25580"}],"curies":[{"name":"wp","href":"https:\/\/api.w.org\/{rel}","templated":true}]}}