{"id":25583,"date":"2022-06-02T23:20:11","date_gmt":"2022-06-02T23:20:11","guid":{"rendered":"https:\/\/blogdorogeriogomes.com.br\/?p=25583"},"modified":"2022-06-03T09:11:46","modified_gmt":"2022-06-03T09:11:46","slug":"proposta-de-decreto-de-calamidade-publica-para-aumentar-gastos-em-ano-eleitoral-perde-forca-na-equipe-de-bolsonaro","status":"publish","type":"post","link":"https:\/\/blogdorogeriogomes.com.br\/noticias\/2022\/06\/proposta-de-decreto-de-calamidade-publica-para-aumentar-gastos-em-ano-eleitoral-perde-forca-na-equipe-de-bolsonaro\/","title":{"rendered":"Proposta de decreto de calamidade p\u00fablica para aumentar gastos em ano eleitoral perde for\u00e7a na equipe de Bolsonaro"},"content":{"rendered":"\n<p>Em baixa na \u00faltima pesquisa Datafolha na corrida presidencial, Jair Bolsonaro acionou sua ala pol\u00edtica para discutir a possibilidade de editar um decreto de calamidade p\u00fablica. A ideia a ser chancelada por integrantes do chamado Centr\u00e3o, bloco parlamentar de apoio ao governo no Congresso Nacional, e pelos ministros pol\u00edticos seria uma solu\u00e7\u00e3o a fim de facilitar a concess\u00e3o de subs\u00eddio aos combust\u00edveis e de abrir espa\u00e7o para aumento dos benef\u00edcios do programa social Aux\u00edlio Brasil no ano eleitoral, sem o furo no teto dos gastos.<\/p>\n\n\n\n<p>Em reuni\u00e3o de Bolsonaro com ministros, nesta quinta-feira, dia 2 de junho, no Pal\u00e1cio do Planalto, a ideia do decreto de calamidade perdeu for\u00e7a. Ministros de Bolsonaro reconheceram que a medida tiraria credibilidade da pol\u00edtica econ\u00f4mica, pressionando d\u00f3lar, infla\u00e7\u00e3o e juros.<\/p>\n\n\n\n<p>Segue no Governo Federal, no entanto, uma forma de aumentar os gastos no ano eleitoral como forma de contemplar o reajuste dos servidores federais, al\u00e9m de tentar conter novos aumentos nos combust\u00edveis.<\/p>\n\n\n\n<figure class=\"wp-block-image size-full\"><img loading=\"lazy\" decoding=\"async\" width=\"678\" height=\"452\" src=\"https:\/\/blogdorogeriogomes.com.br\/wp-content\/uploads\/2022\/06\/images-88.jpeg\" alt=\"\" class=\"wp-image-25584\" srcset=\"https:\/\/blogdorogeriogomes.com.br\/noticias\/wp-content\/uploads\/2022\/06\/images-88.jpeg 678w, https:\/\/blogdorogeriogomes.com.br\/noticias\/wp-content\/uploads\/2022\/06\/images-88-300x200.jpeg 300w\" sizes=\"auto, (max-width: 678px) 100vw, 678px\" \/><\/figure>\n","protected":false},"excerpt":{"rendered":"<p>Em baixa na \u00faltima pesquisa Datafolha na corrida presidencial, Jair Bolsonaro acionou sua ala pol\u00edtica para discutir a possibilidade de editar um decreto de calamidade p\u00fablica. A ideia a ser chancelada por integrantes do chamado Centr\u00e3o, bloco parlamentar de apoio ao governo no Congresso Nacional, e pelos ministros pol\u00edticos seria uma solu\u00e7\u00e3o a fim de facilitar a concess\u00e3o de subs\u00eddio aos combust\u00edveis e de abrir espa\u00e7o para aumento dos benef\u00edcios do programa social Aux\u00edlio Brasil no ano eleitoral, sem&hellip;<\/p>\n","protected":false},"author":1,"featured_media":25584,"comment_status":"open","ping_status":"open","sticky":false,"template":"","format":"standard","meta":{"footnotes":""},"categories":[1],"tags":[],"class_list":["post-25583","post","type-post","status-publish","format-standard","has-post-thumbnail","hentry","category-noticias"],"_links":{"self":[{"href":"https:\/\/blogdorogeriogomes.com.br\/noticias\/wp-json\/wp\/v2\/posts\/25583","targetHints":{"allow":["GET"]}}],"collection":[{"href":"https:\/\/blogdorogeriogomes.com.br\/noticias\/wp-json\/wp\/v2\/posts"}],"about":[{"href":"https:\/\/blogdorogeriogomes.com.br\/noticias\/wp-json\/wp\/v2\/types\/post"}],"author":[{"embeddable":true,"href":"https:\/\/blogdorogeriogomes.com.br\/noticias\/wp-json\/wp\/v2\/users\/1"}],"replies":[{"embeddable":true,"href":"https:\/\/blogdorogeriogomes.com.br\/noticias\/wp-json\/wp\/v2\/comments?post=25583"}],"version-history":[{"count":1,"href":"https:\/\/blogdorogeriogomes.com.br\/noticias\/wp-json\/wp\/v2\/posts\/25583\/revisions"}],"predecessor-version":[{"id":25585,"href":"https:\/\/blogdorogeriogomes.com.br\/noticias\/wp-json\/wp\/v2\/posts\/25583\/revisions\/25585"}],"wp:featuredmedia":[{"embeddable":true,"href":"https:\/\/blogdorogeriogomes.com.br\/noticias\/wp-json\/wp\/v2\/media\/25584"}],"wp:attachment":[{"href":"https:\/\/blogdorogeriogomes.com.br\/noticias\/wp-json\/wp\/v2\/media?parent=25583"}],"wp:term":[{"taxonomy":"category","embeddable":true,"href":"https:\/\/blogdorogeriogomes.com.br\/noticias\/wp-json\/wp\/v2\/categories?post=25583"},{"taxonomy":"post_tag","embeddable":true,"href":"https:\/\/blogdorogeriogomes.com.br\/noticias\/wp-json\/wp\/v2\/tags?post=25583"}],"curies":[{"name":"wp","href":"https:\/\/api.w.org\/{rel}","templated":true}]}}