{"id":25594,"date":"2022-06-03T21:03:25","date_gmt":"2022-06-03T21:03:25","guid":{"rendered":"https:\/\/blogdorogeriogomes.com.br\/?p=25594"},"modified":"2022-06-06T11:15:42","modified_gmt":"2022-06-06T11:15:42","slug":"deputados-se-reunem-em-torno-de-camilo-santana-durante-almoco-de-aniversario","status":"publish","type":"post","link":"https:\/\/blogdorogeriogomes.com.br\/noticias\/2022\/06\/deputados-se-reunem-em-torno-de-camilo-santana-durante-almoco-de-aniversario\/","title":{"rendered":"Deputados se re\u00fanem em torno de Camilo Santana durante almo\u00e7o de anivers\u00e1rio"},"content":{"rendered":"\n<p>Pelo menos 30 deputados se reuniram durante almo\u00e7o, nesta sexta-feira, dia 3 de junho, em torno do ex-governador do Cear\u00e1, Camilo Santana, pela comemora\u00e7\u00e3o do seu anivers\u00e1rio. O encontro acabou tendo uma conota\u00e7\u00e3o pol\u00edtica pelo fato de Camilo ser candidato \u00e0 vaga do Senador Federal em outubro e contar com o apoio de toda a bancada governista na Assembleia Legislativa.<\/p>\n\n\n\n<p>&#8220;Agrade\u00e7o aos amigos deputados e deputadas pelo momento proporcionado hoje pelo meu anivers\u00e1rio, em nome do presidente Evandro Leit\u00e3o. Agrade\u00e7o tamb\u00e9m \u00e0 governadora Izolda Cela pela presen\u00e7a e tantas outras lideran\u00e7as pol\u00edticas, assim como sou muito grato por todas as demonstra\u00e7\u00f5es de carinho que tenho recebido dos meus irm\u00e3os e irm\u00e3s cearenses&#8221;, ressaltou Camilo.<\/p>\n\n\n\n<p>Al\u00e9m da governadora Izolda Cela, o almo\u00e7o tamb\u00e9m teve a presen\u00e7a de prefeitos da Regi\u00e3o Metropolitana de Fortaleza como foi o caso de Vitor Valim, de Caucaia.<\/p>\n\n\n\n<figure class=\"wp-block-image size-full\"><img loading=\"lazy\" decoding=\"async\" width=\"771\" height=\"581\" src=\"https:\/\/blogdorogeriogomes.com.br\/wp-content\/uploads\/2022\/06\/IMG-20220603-WA0093.jpg\" alt=\"\" class=\"wp-image-25595\" srcset=\"https:\/\/blogdorogeriogomes.com.br\/noticias\/wp-content\/uploads\/2022\/06\/IMG-20220603-WA0093.jpg 771w, https:\/\/blogdorogeriogomes.com.br\/noticias\/wp-content\/uploads\/2022\/06\/IMG-20220603-WA0093-300x226.jpg 300w, https:\/\/blogdorogeriogomes.com.br\/noticias\/wp-content\/uploads\/2022\/06\/IMG-20220603-WA0093-768x579.jpg 768w, https:\/\/blogdorogeriogomes.com.br\/noticias\/wp-content\/uploads\/2022\/06\/IMG-20220603-WA0093-400x300.jpg 400w\" sizes=\"auto, (max-width: 771px) 100vw, 771px\" \/><\/figure>\n","protected":false},"excerpt":{"rendered":"<p>Pelo menos 30 deputados se reuniram durante almo\u00e7o, nesta sexta-feira, dia 3 de junho, em torno do ex-governador do Cear\u00e1, Camilo Santana, pela comemora\u00e7\u00e3o do seu anivers\u00e1rio. O encontro acabou tendo uma conota\u00e7\u00e3o pol\u00edtica pelo fato de Camilo ser candidato \u00e0 vaga do Senador Federal em outubro e contar com o apoio de toda a bancada governista na Assembleia Legislativa. &#8220;Agrade\u00e7o aos amigos deputados e deputadas pelo momento proporcionado hoje pelo meu anivers\u00e1rio, em nome do presidente Evandro Leit\u00e3o.&hellip;<\/p>\n","protected":false},"author":1,"featured_media":25595,"comment_status":"open","ping_status":"open","sticky":false,"template":"","format":"standard","meta":{"footnotes":""},"categories":[1],"tags":[],"class_list":["post-25594","post","type-post","status-publish","format-standard","has-post-thumbnail","hentry","category-noticias"],"_links":{"self":[{"href":"https:\/\/blogdorogeriogomes.com.br\/noticias\/wp-json\/wp\/v2\/posts\/25594","targetHints":{"allow":["GET"]}}],"collection":[{"href":"https:\/\/blogdorogeriogomes.com.br\/noticias\/wp-json\/wp\/v2\/posts"}],"about":[{"href":"https:\/\/blogdorogeriogomes.com.br\/noticias\/wp-json\/wp\/v2\/types\/post"}],"author":[{"embeddable":true,"href":"https:\/\/blogdorogeriogomes.com.br\/noticias\/wp-json\/wp\/v2\/users\/1"}],"replies":[{"embeddable":true,"href":"https:\/\/blogdorogeriogomes.com.br\/noticias\/wp-json\/wp\/v2\/comments?post=25594"}],"version-history":[{"count":1,"href":"https:\/\/blogdorogeriogomes.com.br\/noticias\/wp-json\/wp\/v2\/posts\/25594\/revisions"}],"predecessor-version":[{"id":25596,"href":"https:\/\/blogdorogeriogomes.com.br\/noticias\/wp-json\/wp\/v2\/posts\/25594\/revisions\/25596"}],"wp:featuredmedia":[{"embeddable":true,"href":"https:\/\/blogdorogeriogomes.com.br\/noticias\/wp-json\/wp\/v2\/media\/25595"}],"wp:attachment":[{"href":"https:\/\/blogdorogeriogomes.com.br\/noticias\/wp-json\/wp\/v2\/media?parent=25594"}],"wp:term":[{"taxonomy":"category","embeddable":true,"href":"https:\/\/blogdorogeriogomes.com.br\/noticias\/wp-json\/wp\/v2\/categories?post=25594"},{"taxonomy":"post_tag","embeddable":true,"href":"https:\/\/blogdorogeriogomes.com.br\/noticias\/wp-json\/wp\/v2\/tags?post=25594"}],"curies":[{"name":"wp","href":"https:\/\/api.w.org\/{rel}","templated":true}]}}