{"id":25601,"date":"2022-06-05T10:32:55","date_gmt":"2022-06-05T10:32:55","guid":{"rendered":"https:\/\/blogdorogeriogomes.com.br\/?p=25601"},"modified":"2022-06-06T11:15:24","modified_gmt":"2022-06-06T11:15:24","slug":"luiz-fux-marca-para-terca-feira-julgamento-em-plenario-da-acao-de-nunes-marques-que-anulou-cassacao-de-deputados-boldonaristas","status":"publish","type":"post","link":"https:\/\/blogdorogeriogomes.com.br\/noticias\/2022\/06\/luiz-fux-marca-para-terca-feira-julgamento-em-plenario-da-acao-de-nunes-marques-que-anulou-cassacao-de-deputados-boldonaristas\/","title":{"rendered":"Luiz Fux marca para ter\u00e7a-feira julgamento em plen\u00e1rio da a\u00e7\u00e3o de Nunes Marques que anulou cassa\u00e7\u00e3o de deputados bolsonaristas"},"content":{"rendered":"\n<p>O&nbsp;presidente do Supremo Tribunal Federal, ministro&nbsp;Luiz Fux, convocou para a pr\u00f3xima ter\u00e7a-feira, dia 7 de junho, uma sess\u00e3o extraordin\u00e1ria do plen\u00e1rio virtual para julgamento de uma a\u00e7\u00e3o que questiona decis\u00e3o do ministro Nunes Marques.<\/p>\n\n\n\n<p>Na \u00faltima quinta-feira, dia 2, Nunes Marques derrubou decis\u00e3o do Tribunal Superior Eleitoral&nbsp;(TSE) que havia cassado o mandato ao deputado estadual bolsonarista Fernando Francischini (Uni\u00e3o Brasil-PR) por propaga\u00e7\u00e3o de informa\u00e7\u00f5es falsas contra o sistema eleitoral.<\/p>\n\n\n\n<p>O pedido de convoca\u00e7\u00e3o da sess\u00e3o foi formulado neste s\u00e1bado, dia 4, pela ministra Carmen L\u00facia relatora da a\u00e7\u00e3o impetrada pela defesa de um dos suplentes de Francischini que, mantido o entendimento de Nunes Marques, perde a cadeira na Assembleia Legislativa do Paran\u00e1.<\/p>\n\n\n\n<p>A decis\u00e3o de Nunes Marques tamb\u00e9m suspendeu a cassa\u00e7\u00e3o do mandato do deputado federal Jos\u00e9 Valdevan de Jesus, conhecido como Valdevan Noventa (PL-SE), partido do presidente Jair Bolsonaro. Valdevan foi cassado em mar\u00e7o pelo TSE, por abuso do poder econ\u00f4mico e compra de votos durante a campanha eleitoral de 2018.<\/p>\n\n\n\n<p>A percep\u00e7\u00e3o de que Nunes Marques vota seguindo interesses alinhados ao Planalto ganhou destaque com as declara\u00e7\u00f5es de Bolsonaro em defesa dos seus indicados. O presidente j\u00e1 disse que Nunes Marques \u00e9 um dos seus &#8220;10%&#8221; na Corte e costuma elogiar decis\u00f5es tomadas pelo ministro que agradam o governo.<\/p>\n\n\n\n<figure class=\"wp-block-image size-large\"><img loading=\"lazy\" decoding=\"async\" width=\"1024\" height=\"576\" src=\"https:\/\/blogdorogeriogomes.com.br\/wp-content\/uploads\/2022\/06\/52117539608-8253d1122c-k-1024x576.jpg\" alt=\"\" class=\"wp-image-25602\" srcset=\"https:\/\/blogdorogeriogomes.com.br\/noticias\/wp-content\/uploads\/2022\/06\/52117539608-8253d1122c-k-1024x576.jpg 1024w, https:\/\/blogdorogeriogomes.com.br\/noticias\/wp-content\/uploads\/2022\/06\/52117539608-8253d1122c-k-300x169.jpg 300w, https:\/\/blogdorogeriogomes.com.br\/noticias\/wp-content\/uploads\/2022\/06\/52117539608-8253d1122c-k-768x432.jpg 768w, https:\/\/blogdorogeriogomes.com.br\/noticias\/wp-content\/uploads\/2022\/06\/52117539608-8253d1122c-k-800x450.jpg 800w, https:\/\/blogdorogeriogomes.com.br\/noticias\/wp-content\/uploads\/2022\/06\/52117539608-8253d1122c-k.jpg 1080w\" sizes=\"auto, (max-width: 1024px) 100vw, 1024px\" \/><\/figure>\n","protected":false},"excerpt":{"rendered":"<p>O&nbsp;presidente do Supremo Tribunal Federal, ministro&nbsp;Luiz Fux, convocou para a pr\u00f3xima ter\u00e7a-feira, dia 7 de junho, uma sess\u00e3o extraordin\u00e1ria do plen\u00e1rio virtual para julgamento de uma a\u00e7\u00e3o que questiona decis\u00e3o do ministro Nunes Marques. Na \u00faltima quinta-feira, dia 2, Nunes Marques derrubou decis\u00e3o do Tribunal Superior Eleitoral&nbsp;(TSE) que havia cassado o mandato ao deputado estadual bolsonarista Fernando Francischini (Uni\u00e3o Brasil-PR) por propaga\u00e7\u00e3o de informa\u00e7\u00f5es falsas contra o sistema eleitoral. O pedido de convoca\u00e7\u00e3o da sess\u00e3o foi formulado neste s\u00e1bado,&hellip;<\/p>\n","protected":false},"author":1,"featured_media":25602,"comment_status":"open","ping_status":"open","sticky":false,"template":"","format":"standard","meta":{"footnotes":""},"categories":[1],"tags":[],"class_list":["post-25601","post","type-post","status-publish","format-standard","has-post-thumbnail","hentry","category-noticias"],"_links":{"self":[{"href":"https:\/\/blogdorogeriogomes.com.br\/noticias\/wp-json\/wp\/v2\/posts\/25601","targetHints":{"allow":["GET"]}}],"collection":[{"href":"https:\/\/blogdorogeriogomes.com.br\/noticias\/wp-json\/wp\/v2\/posts"}],"about":[{"href":"https:\/\/blogdorogeriogomes.com.br\/noticias\/wp-json\/wp\/v2\/types\/post"}],"author":[{"embeddable":true,"href":"https:\/\/blogdorogeriogomes.com.br\/noticias\/wp-json\/wp\/v2\/users\/1"}],"replies":[{"embeddable":true,"href":"https:\/\/blogdorogeriogomes.com.br\/noticias\/wp-json\/wp\/v2\/comments?post=25601"}],"version-history":[{"count":2,"href":"https:\/\/blogdorogeriogomes.com.br\/noticias\/wp-json\/wp\/v2\/posts\/25601\/revisions"}],"predecessor-version":[{"id":25608,"href":"https:\/\/blogdorogeriogomes.com.br\/noticias\/wp-json\/wp\/v2\/posts\/25601\/revisions\/25608"}],"wp:featuredmedia":[{"embeddable":true,"href":"https:\/\/blogdorogeriogomes.com.br\/noticias\/wp-json\/wp\/v2\/media\/25602"}],"wp:attachment":[{"href":"https:\/\/blogdorogeriogomes.com.br\/noticias\/wp-json\/wp\/v2\/media?parent=25601"}],"wp:term":[{"taxonomy":"category","embeddable":true,"href":"https:\/\/blogdorogeriogomes.com.br\/noticias\/wp-json\/wp\/v2\/categories?post=25601"},{"taxonomy":"post_tag","embeddable":true,"href":"https:\/\/blogdorogeriogomes.com.br\/noticias\/wp-json\/wp\/v2\/tags?post=25601"}],"curies":[{"name":"wp","href":"https:\/\/api.w.org\/{rel}","templated":true}]}}