{"id":25604,"date":"2022-06-05T10:48:46","date_gmt":"2022-06-05T10:48:46","guid":{"rendered":"https:\/\/blogdorogeriogomes.com.br\/?p=25604"},"modified":"2022-06-06T11:15:09","modified_gmt":"2022-06-06T11:15:09","slug":"prefeitura-de-fortaleza-anuncia-reforma-completa-do-parque-rio-branco","status":"publish","type":"post","link":"https:\/\/blogdorogeriogomes.com.br\/noticias\/2022\/06\/prefeitura-de-fortaleza-anuncia-reforma-completa-do-parque-rio-branco\/","title":{"rendered":"Prefeitura de Fortaleza anuncia reforma completa do Parque Rio Branco"},"content":{"rendered":"\n<p>A Prefeitura de Fortaleza, por meio da Secretaria do Urbanismo e Meio Ambiente (Seuma), anunciou a reforma completa do Parque Rio Branco, no bairro Joaquim T\u00e1vora. O parque existe desde 1976 e \u00e9 bastante frequentado por pessoas que buscam a pr\u00e1tica de atividades f\u00edsicas e de lazer. A licita\u00e7\u00e3o para a contrata\u00e7\u00e3o de empresa respons\u00e1vel pela obra ser\u00e1 aberta ainda durante o M\u00eas do Meio Ambiente, em junho, impulsionando as pol\u00edticas ambientais desenvolvidas na atual gest\u00e3o. A reforma no espa\u00e7o prev\u00ea transforma\u00e7\u00f5es em acessos, passeios, equipamentos e mobili\u00e1rio.<\/p>\n\n\n\n<p>O Parque Rio Branco est\u00e1 na \u00e1rea de influ\u00eancia de outros quatro bairros: S\u00e3o Jo\u00e3o do Tauape, Dion\u00edsio Torres, F\u00e1tima e Jos\u00e9 Bonif\u00e1cio, representando um espa\u00e7o \u00fanico para Fortaleza, com diferentes formas de uso e experi\u00eancias, estreitando a rela\u00e7\u00e3o entre os frequentadores e o ambiente. Al\u00e9m da requalifica\u00e7\u00e3o, o espa\u00e7o ganhar\u00e1 um plano de manejo, assim como outros 23 parques, como anunciado em maio passado pelo prefeito Jos\u00e9 Sarto.<\/p>\n\n\n\n<figure class=\"wp-block-image size-large\"><img loading=\"lazy\" decoding=\"async\" width=\"1024\" height=\"602\" src=\"https:\/\/blogdorogeriogomes.com.br\/wp-content\/uploads\/2022\/06\/04-06-2022-Parque-Rio-Branco-1024x602.jpg\" alt=\"\" class=\"wp-image-25605\" srcset=\"https:\/\/blogdorogeriogomes.com.br\/noticias\/wp-content\/uploads\/2022\/06\/04-06-2022-Parque-Rio-Branco-1024x602.jpg 1024w, https:\/\/blogdorogeriogomes.com.br\/noticias\/wp-content\/uploads\/2022\/06\/04-06-2022-Parque-Rio-Branco-300x176.jpg 300w, https:\/\/blogdorogeriogomes.com.br\/noticias\/wp-content\/uploads\/2022\/06\/04-06-2022-Parque-Rio-Branco-768x451.jpg 768w, https:\/\/blogdorogeriogomes.com.br\/noticias\/wp-content\/uploads\/2022\/06\/04-06-2022-Parque-Rio-Branco-800x470.jpg 800w, https:\/\/blogdorogeriogomes.com.br\/noticias\/wp-content\/uploads\/2022\/06\/04-06-2022-Parque-Rio-Branco.jpg 1368w\" sizes=\"auto, (max-width: 1024px) 100vw, 1024px\" \/><\/figure>\n","protected":false},"excerpt":{"rendered":"<p>A Prefeitura de Fortaleza, por meio da Secretaria do Urbanismo e Meio Ambiente (Seuma), anunciou a reforma completa do Parque Rio Branco, no bairro Joaquim T\u00e1vora. O parque existe desde 1976 e \u00e9 bastante frequentado por pessoas que buscam a pr\u00e1tica de atividades f\u00edsicas e de lazer. A licita\u00e7\u00e3o para a contrata\u00e7\u00e3o de empresa respons\u00e1vel pela obra ser\u00e1 aberta ainda durante o M\u00eas do Meio Ambiente, em junho, impulsionando as pol\u00edticas ambientais desenvolvidas na atual gest\u00e3o. A reforma no&hellip;<\/p>\n","protected":false},"author":1,"featured_media":25605,"comment_status":"open","ping_status":"open","sticky":false,"template":"","format":"standard","meta":{"footnotes":""},"categories":[1],"tags":[],"class_list":["post-25604","post","type-post","status-publish","format-standard","has-post-thumbnail","hentry","category-noticias"],"_links":{"self":[{"href":"https:\/\/blogdorogeriogomes.com.br\/noticias\/wp-json\/wp\/v2\/posts\/25604","targetHints":{"allow":["GET"]}}],"collection":[{"href":"https:\/\/blogdorogeriogomes.com.br\/noticias\/wp-json\/wp\/v2\/posts"}],"about":[{"href":"https:\/\/blogdorogeriogomes.com.br\/noticias\/wp-json\/wp\/v2\/types\/post"}],"author":[{"embeddable":true,"href":"https:\/\/blogdorogeriogomes.com.br\/noticias\/wp-json\/wp\/v2\/users\/1"}],"replies":[{"embeddable":true,"href":"https:\/\/blogdorogeriogomes.com.br\/noticias\/wp-json\/wp\/v2\/comments?post=25604"}],"version-history":[{"count":1,"href":"https:\/\/blogdorogeriogomes.com.br\/noticias\/wp-json\/wp\/v2\/posts\/25604\/revisions"}],"predecessor-version":[{"id":25606,"href":"https:\/\/blogdorogeriogomes.com.br\/noticias\/wp-json\/wp\/v2\/posts\/25604\/revisions\/25606"}],"wp:featuredmedia":[{"embeddable":true,"href":"https:\/\/blogdorogeriogomes.com.br\/noticias\/wp-json\/wp\/v2\/media\/25605"}],"wp:attachment":[{"href":"https:\/\/blogdorogeriogomes.com.br\/noticias\/wp-json\/wp\/v2\/media?parent=25604"}],"wp:term":[{"taxonomy":"category","embeddable":true,"href":"https:\/\/blogdorogeriogomes.com.br\/noticias\/wp-json\/wp\/v2\/categories?post=25604"},{"taxonomy":"post_tag","embeddable":true,"href":"https:\/\/blogdorogeriogomes.com.br\/noticias\/wp-json\/wp\/v2\/tags?post=25604"}],"curies":[{"name":"wp","href":"https:\/\/api.w.org\/{rel}","templated":true}]}}