{"id":25609,"date":"2022-06-06T13:46:58","date_gmt":"2022-06-06T13:46:58","guid":{"rendered":"https:\/\/blogdorogeriogomes.com.br\/?p=25609"},"modified":"2022-06-07T11:00:53","modified_gmt":"2022-06-07T11:00:53","slug":"fortaleza-inicia-nesta-segunda-feira-a-aplicacao-da-quarta-dose-da-vacina-contra-a-covid-19-em-pessoas-a-partir-de-50-anos","status":"publish","type":"post","link":"https:\/\/blogdorogeriogomes.com.br\/noticias\/2022\/06\/fortaleza-inicia-nesta-segunda-feira-a-aplicacao-da-quarta-dose-da-vacina-contra-a-covid-19-em-pessoas-a-partir-de-50-anos\/","title":{"rendered":"Fortaleza inicia nesta segunda-feira a aplica\u00e7\u00e3o da quarta dose da vacina contra a Covid-19 em pessoas a partir de 50 anos"},"content":{"rendered":"\n<p>A Prefeitura de Fortaleza inicia, nesta segunda-feira, dia 6 de junho, a aplica\u00e7\u00e3o da quarta dose da vacina contra a Covid-19 na popula\u00e7\u00e3o a partir de 50 anos que recebeu a terceira dose h\u00e1 pelo menos quatro meses. A aplica\u00e7\u00e3o da nova dose de refor\u00e7o ocorre sem a necessidade de agendamento pr\u00e9vio, na modalidade de livre demanda, nos locais que estiverem realizando vacina\u00e7\u00e3o contra Covid-19, conforme a programa\u00e7\u00e3o di\u00e1ria divulgada no portal da Prefeitura de Fortaleza.<\/p>\n\n\n\n<p>A aplica\u00e7\u00e3o da quarta dose nesta faixa et\u00e1ria foi recomendada pelo Minist\u00e9rio da Sa\u00fade. O p\u00fablico acima de 60 anos j\u00e1 estava liberado para receber a quarta dose desde o m\u00eas de maio deste ano.<\/p>\n\n\n\n<figure class=\"wp-block-image size-large\"><img loading=\"lazy\" decoding=\"async\" width=\"1024\" height=\"602\" src=\"https:\/\/blogdorogeriogomes.com.br\/wp-content\/uploads\/2022\/06\/Vacina11-1024x602.jpg\" alt=\"\" class=\"wp-image-25610\" srcset=\"https:\/\/blogdorogeriogomes.com.br\/noticias\/wp-content\/uploads\/2022\/06\/Vacina11-1024x602.jpg 1024w, https:\/\/blogdorogeriogomes.com.br\/noticias\/wp-content\/uploads\/2022\/06\/Vacina11-300x176.jpg 300w, https:\/\/blogdorogeriogomes.com.br\/noticias\/wp-content\/uploads\/2022\/06\/Vacina11-768x451.jpg 768w, https:\/\/blogdorogeriogomes.com.br\/noticias\/wp-content\/uploads\/2022\/06\/Vacina11-1536x903.jpg 1536w\" sizes=\"auto, (max-width: 1024px) 100vw, 1024px\" \/><\/figure>\n","protected":false},"excerpt":{"rendered":"<p>A Prefeitura de Fortaleza inicia, nesta segunda-feira, dia 6 de junho, a aplica\u00e7\u00e3o da quarta dose da vacina contra a Covid-19 na popula\u00e7\u00e3o a partir de 50 anos que recebeu a terceira dose h\u00e1 pelo menos quatro meses. A aplica\u00e7\u00e3o da nova dose de refor\u00e7o ocorre sem a necessidade de agendamento pr\u00e9vio, na modalidade de livre demanda, nos locais que estiverem realizando vacina\u00e7\u00e3o contra Covid-19, conforme a programa\u00e7\u00e3o di\u00e1ria divulgada no portal da Prefeitura de Fortaleza. A aplica\u00e7\u00e3o da&hellip;<\/p>\n","protected":false},"author":1,"featured_media":25610,"comment_status":"open","ping_status":"open","sticky":false,"template":"","format":"standard","meta":{"footnotes":""},"categories":[1],"tags":[],"class_list":["post-25609","post","type-post","status-publish","format-standard","has-post-thumbnail","hentry","category-noticias"],"_links":{"self":[{"href":"https:\/\/blogdorogeriogomes.com.br\/noticias\/wp-json\/wp\/v2\/posts\/25609","targetHints":{"allow":["GET"]}}],"collection":[{"href":"https:\/\/blogdorogeriogomes.com.br\/noticias\/wp-json\/wp\/v2\/posts"}],"about":[{"href":"https:\/\/blogdorogeriogomes.com.br\/noticias\/wp-json\/wp\/v2\/types\/post"}],"author":[{"embeddable":true,"href":"https:\/\/blogdorogeriogomes.com.br\/noticias\/wp-json\/wp\/v2\/users\/1"}],"replies":[{"embeddable":true,"href":"https:\/\/blogdorogeriogomes.com.br\/noticias\/wp-json\/wp\/v2\/comments?post=25609"}],"version-history":[{"count":1,"href":"https:\/\/blogdorogeriogomes.com.br\/noticias\/wp-json\/wp\/v2\/posts\/25609\/revisions"}],"predecessor-version":[{"id":25611,"href":"https:\/\/blogdorogeriogomes.com.br\/noticias\/wp-json\/wp\/v2\/posts\/25609\/revisions\/25611"}],"wp:featuredmedia":[{"embeddable":true,"href":"https:\/\/blogdorogeriogomes.com.br\/noticias\/wp-json\/wp\/v2\/media\/25610"}],"wp:attachment":[{"href":"https:\/\/blogdorogeriogomes.com.br\/noticias\/wp-json\/wp\/v2\/media?parent=25609"}],"wp:term":[{"taxonomy":"category","embeddable":true,"href":"https:\/\/blogdorogeriogomes.com.br\/noticias\/wp-json\/wp\/v2\/categories?post=25609"},{"taxonomy":"post_tag","embeddable":true,"href":"https:\/\/blogdorogeriogomes.com.br\/noticias\/wp-json\/wp\/v2\/tags?post=25609"}],"curies":[{"name":"wp","href":"https:\/\/api.w.org\/{rel}","templated":true}]}}