{"id":25612,"date":"2022-06-06T13:57:59","date_gmt":"2022-06-06T13:57:59","guid":{"rendered":"https:\/\/blogdorogeriogomes.com.br\/?p=25612"},"modified":"2022-06-07T11:00:26","modified_gmt":"2022-06-07T11:00:26","slug":"parque-do-coco-em-fortaleza-ganha-sistema-de-videomonitoramento-com-35-cameras","status":"publish","type":"post","link":"https:\/\/blogdorogeriogomes.com.br\/noticias\/2022\/06\/parque-do-coco-em-fortaleza-ganha-sistema-de-videomonitoramento-com-35-cameras\/","title":{"rendered":"Parque do Coc\u00f3 em Fortaleza ganha sistema de videomonitoramento com 35 c\u00e2meras"},"content":{"rendered":"\n<p>Na passagem do Dia Mundial do Meio Ambiente, que transcorreu neste domingo, dia 5 de junho, uma importante ferramenta para aumentar a vigil\u00e2ncia do Parque do Coc\u00f3 foi anunciada pela governadora do Cear\u00e1, Izolda Cela. Come\u00e7ou a funcionar, em toda a extens\u00e3o da Unidade de Conserva\u00e7\u00e3o, um sistema de videomonitoramento, com 35 c\u00e2meras espalhadas por 21 pontos do parque ecol\u00f3gico.<\/p>\n\n\n\n<p>Segundo Izolda Cela, o sistema vai permitir a fiscaliza\u00e7\u00e3o e a preven\u00e7\u00e3o de eventuais crimes ambientais, como um inc\u00eandio, por exemplo. &#8220;\u00c9 mais uma ferramenta que n\u00f3s usamos para trazer mais seguran\u00e7a e estimular cada vez mais que esses espa\u00e7os sejam ocupados pelas fam\u00edlias cearenses e que as pr\u00f3ximas gera\u00e7\u00f5es valorizem o Coc\u00f3\u201d, ressaltou a governadora.<\/p>\n\n\n\n<figure class=\"wp-block-image size-full\"><img loading=\"lazy\" decoding=\"async\" width=\"739\" height=\"415\" src=\"https:\/\/blogdorogeriogomes.com.br\/wp-content\/uploads\/2022\/06\/images-90.jpeg\" alt=\"\" class=\"wp-image-25613\" srcset=\"https:\/\/blogdorogeriogomes.com.br\/noticias\/wp-content\/uploads\/2022\/06\/images-90.jpeg 739w, https:\/\/blogdorogeriogomes.com.br\/noticias\/wp-content\/uploads\/2022\/06\/images-90-300x168.jpeg 300w\" sizes=\"auto, (max-width: 739px) 100vw, 739px\" \/><\/figure>\n","protected":false},"excerpt":{"rendered":"<p>Na passagem do Dia Mundial do Meio Ambiente, que transcorreu neste domingo, dia 5 de junho, uma importante ferramenta para aumentar a vigil\u00e2ncia do Parque do Coc\u00f3 foi anunciada pela governadora do Cear\u00e1, Izolda Cela. Come\u00e7ou a funcionar, em toda a extens\u00e3o da Unidade de Conserva\u00e7\u00e3o, um sistema de videomonitoramento, com 35 c\u00e2meras espalhadas por 21 pontos do parque ecol\u00f3gico. Segundo Izolda Cela, o sistema vai permitir a fiscaliza\u00e7\u00e3o e a preven\u00e7\u00e3o de eventuais crimes ambientais, como um inc\u00eandio,&hellip;<\/p>\n","protected":false},"author":1,"featured_media":25605,"comment_status":"open","ping_status":"open","sticky":false,"template":"","format":"standard","meta":{"footnotes":""},"categories":[1],"tags":[],"class_list":["post-25612","post","type-post","status-publish","format-standard","has-post-thumbnail","hentry","category-noticias"],"_links":{"self":[{"href":"https:\/\/blogdorogeriogomes.com.br\/noticias\/wp-json\/wp\/v2\/posts\/25612","targetHints":{"allow":["GET"]}}],"collection":[{"href":"https:\/\/blogdorogeriogomes.com.br\/noticias\/wp-json\/wp\/v2\/posts"}],"about":[{"href":"https:\/\/blogdorogeriogomes.com.br\/noticias\/wp-json\/wp\/v2\/types\/post"}],"author":[{"embeddable":true,"href":"https:\/\/blogdorogeriogomes.com.br\/noticias\/wp-json\/wp\/v2\/users\/1"}],"replies":[{"embeddable":true,"href":"https:\/\/blogdorogeriogomes.com.br\/noticias\/wp-json\/wp\/v2\/comments?post=25612"}],"version-history":[{"count":1,"href":"https:\/\/blogdorogeriogomes.com.br\/noticias\/wp-json\/wp\/v2\/posts\/25612\/revisions"}],"predecessor-version":[{"id":25614,"href":"https:\/\/blogdorogeriogomes.com.br\/noticias\/wp-json\/wp\/v2\/posts\/25612\/revisions\/25614"}],"wp:featuredmedia":[{"embeddable":true,"href":"https:\/\/blogdorogeriogomes.com.br\/noticias\/wp-json\/wp\/v2\/media\/25605"}],"wp:attachment":[{"href":"https:\/\/blogdorogeriogomes.com.br\/noticias\/wp-json\/wp\/v2\/media?parent=25612"}],"wp:term":[{"taxonomy":"category","embeddable":true,"href":"https:\/\/blogdorogeriogomes.com.br\/noticias\/wp-json\/wp\/v2\/categories?post=25612"},{"taxonomy":"post_tag","embeddable":true,"href":"https:\/\/blogdorogeriogomes.com.br\/noticias\/wp-json\/wp\/v2\/tags?post=25612"}],"curies":[{"name":"wp","href":"https:\/\/api.w.org\/{rel}","templated":true}]}}