{"id":25618,"date":"2022-06-06T22:42:11","date_gmt":"2022-06-06T22:42:11","guid":{"rendered":"https:\/\/blogdorogeriogomes.com.br\/?p=25618"},"modified":"2022-06-07T09:58:52","modified_gmt":"2022-06-07T09:58:52","slug":"governo-reune-ceara-e-fortaleza-para-discutir-possivel-interdicao-da-arena-castelao","status":"publish","type":"post","link":"https:\/\/blogdorogeriogomes.com.br\/noticias\/2022\/06\/governo-reune-ceara-e-fortaleza-para-discutir-possivel-interdicao-da-arena-castelao\/","title":{"rendered":"Governo re\u00fane Cear\u00e1 e Fortaleza para discutir poss\u00edvel interdi\u00e7\u00e3o da Arena Castel\u00e3o"},"content":{"rendered":"\n<p>As m\u00e1s condi\u00e7\u00f5es do gramado da Arena Castel\u00e3o podem ocasionar a interdi\u00e7\u00e3o do est\u00e1dio para recupera\u00e7\u00e3o do equipamento. Nesta quarta-feira, dia 8 de junho, o secret\u00e1rio do Esporte e da Juventude, Rog\u00e9rio Pinheiro, e a Superintend\u00eancia de Obras P\u00fablicas (SOP) se re\u00fanem com os presidentes do Cear\u00e1 e Fortaleza, que disputam o Campeonato Brasileiro &#8211; S\u00e9rie A com jogos no est\u00e1dio.<\/p>\n\n\n\n<p>Desde dezembro do ano passado, o Governo do Estado queria fechar o est\u00e1dio para uma reforma completa do gramado e os clubes fizeram um apelo para n\u00e3o interditar a Arena Castel\u00e3o. Agora, as reclama\u00e7\u00f5es do estado do gramado podem resultar no fechamento do equipamento para recupera\u00e7\u00e3o.<\/p>\n\n\n\n<p>Com a reforma do est\u00e1dio Presidente Vargas que recebeu um novo gramado e foi disponibilizado pela Prefeitura de Fortaleza, h\u00e1 a possibilidade de Cear\u00e1 e Fortaleza virem a sediar jogos do Brasileir\u00e3o no PV. O assunto ser\u00e1 debatido nesta quarta-feira na reuni\u00e3o com o Governo do Cear\u00e1.<\/p>\n\n\n\n<figure class=\"wp-block-image size-full\"><img loading=\"lazy\" decoding=\"async\" width=\"640\" height=\"479\" src=\"https:\/\/blogdorogeriogomes.com.br\/wp-content\/uploads\/2022\/06\/images-91.jpeg\" alt=\"\" class=\"wp-image-25619\" srcset=\"https:\/\/blogdorogeriogomes.com.br\/noticias\/wp-content\/uploads\/2022\/06\/images-91.jpeg 640w, https:\/\/blogdorogeriogomes.com.br\/noticias\/wp-content\/uploads\/2022\/06\/images-91-300x225.jpeg 300w, https:\/\/blogdorogeriogomes.com.br\/noticias\/wp-content\/uploads\/2022\/06\/images-91-400x300.jpeg 400w\" sizes=\"auto, (max-width: 640px) 100vw, 640px\" \/><\/figure>\n","protected":false},"excerpt":{"rendered":"<p>As m\u00e1s condi\u00e7\u00f5es do gramado da Arena Castel\u00e3o podem ocasionar a interdi\u00e7\u00e3o do est\u00e1dio para recupera\u00e7\u00e3o do equipamento. Nesta quarta-feira, dia 8 de junho, o secret\u00e1rio do Esporte e da Juventude, Rog\u00e9rio Pinheiro, e a Superintend\u00eancia de Obras P\u00fablicas (SOP) se re\u00fanem com os presidentes do Cear\u00e1 e Fortaleza, que disputam o Campeonato Brasileiro &#8211; S\u00e9rie A com jogos no est\u00e1dio. Desde dezembro do ano passado, o Governo do Estado queria fechar o est\u00e1dio para uma reforma completa do&hellip;<\/p>\n","protected":false},"author":1,"featured_media":25619,"comment_status":"open","ping_status":"open","sticky":false,"template":"","format":"standard","meta":{"footnotes":""},"categories":[1],"tags":[],"class_list":["post-25618","post","type-post","status-publish","format-standard","has-post-thumbnail","hentry","category-noticias"],"_links":{"self":[{"href":"https:\/\/blogdorogeriogomes.com.br\/noticias\/wp-json\/wp\/v2\/posts\/25618","targetHints":{"allow":["GET"]}}],"collection":[{"href":"https:\/\/blogdorogeriogomes.com.br\/noticias\/wp-json\/wp\/v2\/posts"}],"about":[{"href":"https:\/\/blogdorogeriogomes.com.br\/noticias\/wp-json\/wp\/v2\/types\/post"}],"author":[{"embeddable":true,"href":"https:\/\/blogdorogeriogomes.com.br\/noticias\/wp-json\/wp\/v2\/users\/1"}],"replies":[{"embeddable":true,"href":"https:\/\/blogdorogeriogomes.com.br\/noticias\/wp-json\/wp\/v2\/comments?post=25618"}],"version-history":[{"count":1,"href":"https:\/\/blogdorogeriogomes.com.br\/noticias\/wp-json\/wp\/v2\/posts\/25618\/revisions"}],"predecessor-version":[{"id":25620,"href":"https:\/\/blogdorogeriogomes.com.br\/noticias\/wp-json\/wp\/v2\/posts\/25618\/revisions\/25620"}],"wp:featuredmedia":[{"embeddable":true,"href":"https:\/\/blogdorogeriogomes.com.br\/noticias\/wp-json\/wp\/v2\/media\/25619"}],"wp:attachment":[{"href":"https:\/\/blogdorogeriogomes.com.br\/noticias\/wp-json\/wp\/v2\/media?parent=25618"}],"wp:term":[{"taxonomy":"category","embeddable":true,"href":"https:\/\/blogdorogeriogomes.com.br\/noticias\/wp-json\/wp\/v2\/categories?post=25618"},{"taxonomy":"post_tag","embeddable":true,"href":"https:\/\/blogdorogeriogomes.com.br\/noticias\/wp-json\/wp\/v2\/tags?post=25618"}],"curies":[{"name":"wp","href":"https:\/\/api.w.org\/{rel}","templated":true}]}}