{"id":25646,"date":"2022-06-08T10:43:44","date_gmt":"2022-06-08T10:43:44","guid":{"rendered":"https:\/\/blogdorogeriogomes.com.br\/?p=25646"},"modified":"2022-06-08T12:14:53","modified_gmt":"2022-06-08T12:14:53","slug":"elmano-de-freitas-defende-na-cpi-do-motim-a-quebra-de-sigilos-para-investigar-contrato-juridico-com-associacao-dos-profissionais-de-seguranca%ef%bf%bc","status":"publish","type":"post","link":"https:\/\/blogdorogeriogomes.com.br\/noticias\/2022\/06\/elmano-de-freitas-defende-na-cpi-do-motim-a-quebra-de-sigilos-para-investigar-contrato-juridico-com-associacao-dos-profissionais-de-seguranca%ef%bf%bc\/","title":{"rendered":"Elmano de Freitas defende na CPI do Motim a quebra de sigilos para investigar contrato jur\u00eddico com Associa\u00e7\u00e3o dos Profissionais de Seguran\u00e7a\ufffc"},"content":{"rendered":"\n<p>A CPI do Motim na Assembleia Legislativa do Cear\u00e1 teve mais um cap\u00edtulo nesta ter\u00e7a-feira, dia 7 de junho. Em novo depoimento prestado \u00e0 Comiss\u00e3o Parlamentar de Inqu\u00e9rito, que investiga as associa\u00e7\u00f5es militares do Estado, pelo presidente da Associa\u00e7\u00e3o dos Profissionais de Seguran\u00e7a (APS), Cleyber Barbosa Ara\u00fajo, o relator do colegiado, deputado Elmano Freitas (PT), anunciou que pretende solicitar a quebra de sigilo banc\u00e1rio e fiscal do CNPJ e CPF da pessoa contratada para prestar aux\u00edlio jur\u00eddico \u00e0 APS.<\/p>\n\n\n\n<p>Para o relator da CPI, o objetivo \u00e9 acompanhar o trajeto dos recursos destinados pela associa\u00e7\u00e3o para suposta capacita\u00e7\u00e3o t\u00e9cnica dos advogados da institui\u00e7\u00e3o. O parlamentar tamb\u00e9m apresentou, durante o depoimento, um \u00e1udio que seria do presidente da APS, tratando de outra finalidade para os recursos.<\/p>\n\n\n\n<p>\u201cA minha interpreta\u00e7\u00e3o era de que existia um contrato de advogados, que depois virou um contrato de capacita\u00e7\u00e3o, e o \u00e1udio mostra que n\u00e3o era nem uma coisa nem outra. A partir disso, quero requerer que esse \u00e1udio seja enviado \u00e0 Pol\u00edcia Civil, para que seja feita a sua per\u00edcia e a confirma\u00e7\u00e3o de tratar-se da voz do depoente, assim como estou apresentando, para a aprecia\u00e7\u00e3o dessa comiss\u00e3o, requerimento de quebra de sigilo fiscal relativo ao contrato apresentado para a capacita\u00e7\u00e3o jur\u00eddica\u201d, destacou Elmano Freitas.<\/p>\n\n\n\n<p>A respeito do contrato de honor\u00e1rios advocat\u00edcios envolvendo a APS, o deputado Marcos Sobreira (PDT) questionou o depoente sobre quais foram os servi\u00e7os jur\u00eddicos prestados e advogados pelo Escrit\u00f3rio Haroldo Guimar\u00e3es \u00e0 institui\u00e7\u00e3o, motivando um pagamento de quase meio milh\u00e3o de reais.<\/p>\n\n\n\n<p>Em resposta, o presidente da APS salientou que o servi\u00e7o prestado foi de consultoria e treinamento a dois advogados da associa\u00e7\u00e3o, enfatizando que o valor apresentado \u00e9 proporcional, segundo a Ordem dos Advogados do Brasil (OAB), ao benef\u00edcio proposto.<\/p>\n\n\n\n<figure class=\"wp-block-image size-full\"><img loading=\"lazy\" decoding=\"async\" width=\"900\" height=\"600\" src=\"https:\/\/blogdorogeriogomes.com.br\/wp-content\/uploads\/2022\/06\/9db300430b5992aaf4a0398f73f01743_XL.jpg\" alt=\"\" class=\"wp-image-25647\" srcset=\"https:\/\/blogdorogeriogomes.com.br\/noticias\/wp-content\/uploads\/2022\/06\/9db300430b5992aaf4a0398f73f01743_XL.jpg 900w, https:\/\/blogdorogeriogomes.com.br\/noticias\/wp-content\/uploads\/2022\/06\/9db300430b5992aaf4a0398f73f01743_XL-300x200.jpg 300w, https:\/\/blogdorogeriogomes.com.br\/noticias\/wp-content\/uploads\/2022\/06\/9db300430b5992aaf4a0398f73f01743_XL-768x512.jpg 768w, https:\/\/blogdorogeriogomes.com.br\/noticias\/wp-content\/uploads\/2022\/06\/9db300430b5992aaf4a0398f73f01743_XL-800x533.jpg 800w\" sizes=\"auto, (max-width: 900px) 100vw, 900px\" \/><\/figure>\n","protected":false},"excerpt":{"rendered":"<p>A CPI do Motim na Assembleia Legislativa do Cear\u00e1 teve mais um cap\u00edtulo nesta ter\u00e7a-feira, dia 7 de junho. Em novo depoimento prestado \u00e0 Comiss\u00e3o Parlamentar de Inqu\u00e9rito, que investiga as associa\u00e7\u00f5es militares do Estado, pelo presidente da Associa\u00e7\u00e3o dos Profissionais de Seguran\u00e7a (APS), Cleyber Barbosa Ara\u00fajo, o relator do colegiado, deputado Elmano Freitas (PT), anunciou que pretende solicitar a quebra de sigilo banc\u00e1rio e fiscal do CNPJ e CPF da pessoa contratada para prestar aux\u00edlio jur\u00eddico \u00e0 APS.&hellip;<\/p>\n","protected":false},"author":1,"featured_media":25650,"comment_status":"open","ping_status":"open","sticky":false,"template":"","format":"standard","meta":{"footnotes":""},"categories":[1],"tags":[],"class_list":["post-25646","post","type-post","status-publish","format-standard","has-post-thumbnail","hentry","category-noticias"],"_links":{"self":[{"href":"https:\/\/blogdorogeriogomes.com.br\/noticias\/wp-json\/wp\/v2\/posts\/25646","targetHints":{"allow":["GET"]}}],"collection":[{"href":"https:\/\/blogdorogeriogomes.com.br\/noticias\/wp-json\/wp\/v2\/posts"}],"about":[{"href":"https:\/\/blogdorogeriogomes.com.br\/noticias\/wp-json\/wp\/v2\/types\/post"}],"author":[{"embeddable":true,"href":"https:\/\/blogdorogeriogomes.com.br\/noticias\/wp-json\/wp\/v2\/users\/1"}],"replies":[{"embeddable":true,"href":"https:\/\/blogdorogeriogomes.com.br\/noticias\/wp-json\/wp\/v2\/comments?post=25646"}],"version-history":[{"count":1,"href":"https:\/\/blogdorogeriogomes.com.br\/noticias\/wp-json\/wp\/v2\/posts\/25646\/revisions"}],"predecessor-version":[{"id":25648,"href":"https:\/\/blogdorogeriogomes.com.br\/noticias\/wp-json\/wp\/v2\/posts\/25646\/revisions\/25648"}],"wp:featuredmedia":[{"embeddable":true,"href":"https:\/\/blogdorogeriogomes.com.br\/noticias\/wp-json\/wp\/v2\/media\/25650"}],"wp:attachment":[{"href":"https:\/\/blogdorogeriogomes.com.br\/noticias\/wp-json\/wp\/v2\/media?parent=25646"}],"wp:term":[{"taxonomy":"category","embeddable":true,"href":"https:\/\/blogdorogeriogomes.com.br\/noticias\/wp-json\/wp\/v2\/categories?post=25646"},{"taxonomy":"post_tag","embeddable":true,"href":"https:\/\/blogdorogeriogomes.com.br\/noticias\/wp-json\/wp\/v2\/tags?post=25646"}],"curies":[{"name":"wp","href":"https:\/\/api.w.org\/{rel}","templated":true}]}}