{"id":25661,"date":"2022-06-08T23:02:37","date_gmt":"2022-06-08T23:02:37","guid":{"rendered":"https:\/\/blogdorogeriogomes.com.br\/?p=25661"},"modified":"2022-06-10T18:06:44","modified_gmt":"2022-06-10T18:06:44","slug":"camilo-santana-se-reune-com-prefeito-jose-sarto-no-paco-municipal-em-fortaleza","status":"publish","type":"post","link":"https:\/\/blogdorogeriogomes.com.br\/noticias\/2022\/06\/camilo-santana-se-reune-com-prefeito-jose-sarto-no-paco-municipal-em-fortaleza\/","title":{"rendered":"Camilo Santana se re\u00fane com prefeito Jos\u00e9 Sarto no Pa\u00e7o Municipal em Fortaleza"},"content":{"rendered":"\n<p>O ex-governador Camilo Santana (PT) foi recebido pelo prefeito de Fortaleza, Jos\u00e9 Sarto (PDT) nesta quarta-feira, dia 8 de junho, no Pa\u00e7o Municipal. Desde que deixou o Pal\u00e1cio da Aboli\u00e7\u00e3o, Camilo Santana tem se dedicado a contatos pol\u00edticos na Capital e no interior, j\u00e1 que ser\u00e1 candidato a uma vaga no Senado Federal nas elei\u00e7\u00f5es de outubro. O ex-governador tamb\u00e9m \u00e9 um dos protagonistas na defini\u00e7\u00e3o do candidato governista que ir\u00e1 concorrer nas elei\u00e7\u00f5es de 2022. Os mais cotados no momento s\u00e3o a atual governadora Izolda Cela e o ex-prefeito de Fortaleza, Roberto Cl\u00e1udio.<\/p>\n\n\n\n<p>Enquanto Camilo mostra prefer\u00eancia por Izolda, Sarto j\u00e1 declarou que Roberto Cl\u00e1udio seria o melhor nome. A escolha do candidato do PDT, que deve ter o apoio do PT, \u00e9 prevista para o fim deste m\u00eas de junho.<\/p>\n\n\n\n<p>&#8220;Tenho muita alegria de ter contribu\u00eddo atrav\u00e9s do Programa Juntos Por Fortaleza, do Governo do Estado e PMF, que continua com a governadora Izolda Cela, e estarei sempre \u00e0 disposi\u00e7\u00e3o para colaborar com essa cidade, que \u00e9 motivo de orgulho para todos n\u00f3s&#8221;, disse Camilo Santana.<\/p>\n\n\n\n<p>A governadora Izolda Cela (PDT) diz que a disputa interna n\u00e3o vai comprometer a uni\u00e3o do grupo governista, nem gerar desgastes pol\u00edticos \u00e0 alian\u00e7a entre os partidos aliados.  &#8220;Tem aqueles \u00e0s vezes mais esquentadinhos, mas vamos manter a alian\u00e7a pelo Cear\u00e1&#8221;, avisou.<br><\/p>\n\n\n\n<figure class=\"wp-block-image size-large\"><img loading=\"lazy\" decoding=\"async\" width=\"1024\" height=\"683\" src=\"https:\/\/blogdorogeriogomes.com.br\/wp-content\/uploads\/2022\/06\/IMG-20220608-WA0103-1024x683.jpg\" alt=\"\" class=\"wp-image-25662\" srcset=\"https:\/\/blogdorogeriogomes.com.br\/noticias\/wp-content\/uploads\/2022\/06\/IMG-20220608-WA0103-1024x683.jpg 1024w, https:\/\/blogdorogeriogomes.com.br\/noticias\/wp-content\/uploads\/2022\/06\/IMG-20220608-WA0103-300x200.jpg 300w, https:\/\/blogdorogeriogomes.com.br\/noticias\/wp-content\/uploads\/2022\/06\/IMG-20220608-WA0103-768x512.jpg 768w, https:\/\/blogdorogeriogomes.com.br\/noticias\/wp-content\/uploads\/2022\/06\/IMG-20220608-WA0103-800x533.jpg 800w, https:\/\/blogdorogeriogomes.com.br\/noticias\/wp-content\/uploads\/2022\/06\/IMG-20220608-WA0103.jpg 1080w\" sizes=\"auto, (max-width: 1024px) 100vw, 1024px\" \/><\/figure>\n","protected":false},"excerpt":{"rendered":"<p>O ex-governador Camilo Santana (PT) foi recebido pelo prefeito de Fortaleza, Jos\u00e9 Sarto (PDT) nesta quarta-feira, dia 8 de junho, no Pa\u00e7o Municipal. Desde que deixou o Pal\u00e1cio da Aboli\u00e7\u00e3o, Camilo Santana tem se dedicado a contatos pol\u00edticos na Capital e no interior, j\u00e1 que ser\u00e1 candidato a uma vaga no Senado Federal nas elei\u00e7\u00f5es de outubro. O ex-governador tamb\u00e9m \u00e9 um dos protagonistas na defini\u00e7\u00e3o do candidato governista que ir\u00e1 concorrer nas elei\u00e7\u00f5es de 2022. Os mais cotados&hellip;<\/p>\n","protected":false},"author":1,"featured_media":25662,"comment_status":"open","ping_status":"open","sticky":false,"template":"","format":"standard","meta":{"footnotes":""},"categories":[1],"tags":[],"class_list":["post-25661","post","type-post","status-publish","format-standard","has-post-thumbnail","hentry","category-noticias"],"_links":{"self":[{"href":"https:\/\/blogdorogeriogomes.com.br\/noticias\/wp-json\/wp\/v2\/posts\/25661","targetHints":{"allow":["GET"]}}],"collection":[{"href":"https:\/\/blogdorogeriogomes.com.br\/noticias\/wp-json\/wp\/v2\/posts"}],"about":[{"href":"https:\/\/blogdorogeriogomes.com.br\/noticias\/wp-json\/wp\/v2\/types\/post"}],"author":[{"embeddable":true,"href":"https:\/\/blogdorogeriogomes.com.br\/noticias\/wp-json\/wp\/v2\/users\/1"}],"replies":[{"embeddable":true,"href":"https:\/\/blogdorogeriogomes.com.br\/noticias\/wp-json\/wp\/v2\/comments?post=25661"}],"version-history":[{"count":1,"href":"https:\/\/blogdorogeriogomes.com.br\/noticias\/wp-json\/wp\/v2\/posts\/25661\/revisions"}],"predecessor-version":[{"id":25663,"href":"https:\/\/blogdorogeriogomes.com.br\/noticias\/wp-json\/wp\/v2\/posts\/25661\/revisions\/25663"}],"wp:featuredmedia":[{"embeddable":true,"href":"https:\/\/blogdorogeriogomes.com.br\/noticias\/wp-json\/wp\/v2\/media\/25662"}],"wp:attachment":[{"href":"https:\/\/blogdorogeriogomes.com.br\/noticias\/wp-json\/wp\/v2\/media?parent=25661"}],"wp:term":[{"taxonomy":"category","embeddable":true,"href":"https:\/\/blogdorogeriogomes.com.br\/noticias\/wp-json\/wp\/v2\/categories?post=25661"},{"taxonomy":"post_tag","embeddable":true,"href":"https:\/\/blogdorogeriogomes.com.br\/noticias\/wp-json\/wp\/v2\/tags?post=25661"}],"curies":[{"name":"wp","href":"https:\/\/api.w.org\/{rel}","templated":true}]}}