{"id":25667,"date":"2022-06-09T11:26:35","date_gmt":"2022-06-09T11:26:35","guid":{"rendered":"https:\/\/blogdorogeriogomes.com.br\/?p=25667"},"modified":"2022-06-10T18:05:49","modified_gmt":"2022-06-10T18:05:49","slug":"psdb-pode-confirmar-hoje-tasso-jereissati-como-vice-de-simone-tebet-na-disputa-presidencial-de-outubro","status":"publish","type":"post","link":"https:\/\/blogdorogeriogomes.com.br\/noticias\/2022\/06\/psdb-pode-confirmar-hoje-tasso-jereissati-como-vice-de-simone-tebet-na-disputa-presidencial-de-outubro\/","title":{"rendered":"PSDB pode confirmar hoje Tasso Jereissati como vice de Simone Tebet na disputa presidencial de outubro"},"content":{"rendered":"\n<p>A Executiva Nacional do PSDB se re\u00fane nesta quinta-feira, dia 9 de junho, para discutir o apoio \u00e0 pr\u00e9-candidatura da senadora&nbsp;Simone Tebet&nbsp;(MDB-MS) \u00e0 Presid\u00eancia da Rep\u00fablica,&nbsp;quando a maioria deve encaminhar voto favor\u00e1vel \u00e0 alian\u00e7a. O senador&nbsp;cearense Tasso Jereissati pode ser confirmado para a vaga de vice de Tebet.<\/p>\n\n\n\n<p>A reuni\u00e3o ocorrer\u00e1 sem resolu\u00e7\u00e3o para impasses regionais, pois o PSDB quer o apoio do MDB para candidaturas em Minas Gerais e no Rio Grande do Sul. Uma ala tucana ainda defende que o partido tenha candidato pr\u00f3prio ao Planalto, mas falta um nome. Jo\u00e3o Doria e Eduardo Leite j\u00e1 desistiram de encarar a corrida presidencial.<\/p>\n\n\n\n<figure class=\"wp-block-image size-full\"><img loading=\"lazy\" decoding=\"async\" width=\"640\" height=\"389\" src=\"https:\/\/blogdorogeriogomes.com.br\/wp-content\/uploads\/2022\/06\/0806_b51c_0847_e151.jpeg\" alt=\"\" class=\"wp-image-25668\" srcset=\"https:\/\/blogdorogeriogomes.com.br\/noticias\/wp-content\/uploads\/2022\/06\/0806_b51c_0847_e151.jpeg 640w, https:\/\/blogdorogeriogomes.com.br\/noticias\/wp-content\/uploads\/2022\/06\/0806_b51c_0847_e151-300x182.jpeg 300w\" sizes=\"auto, (max-width: 640px) 100vw, 640px\" \/><\/figure>\n","protected":false},"excerpt":{"rendered":"<p>A Executiva Nacional do PSDB se re\u00fane nesta quinta-feira, dia 9 de junho, para discutir o apoio \u00e0 pr\u00e9-candidatura da senadora&nbsp;Simone Tebet&nbsp;(MDB-MS) \u00e0 Presid\u00eancia da Rep\u00fablica,&nbsp;quando a maioria deve encaminhar voto favor\u00e1vel \u00e0 alian\u00e7a. O senador&nbsp;cearense Tasso Jereissati pode ser confirmado para a vaga de vice de Tebet. A reuni\u00e3o ocorrer\u00e1 sem resolu\u00e7\u00e3o para impasses regionais, pois o PSDB quer o apoio do MDB para candidaturas em Minas Gerais e no Rio Grande do Sul. Uma ala tucana ainda&hellip;<\/p>\n","protected":false},"author":1,"featured_media":25668,"comment_status":"open","ping_status":"open","sticky":false,"template":"","format":"standard","meta":{"footnotes":""},"categories":[1],"tags":[],"class_list":["post-25667","post","type-post","status-publish","format-standard","has-post-thumbnail","hentry","category-noticias"],"_links":{"self":[{"href":"https:\/\/blogdorogeriogomes.com.br\/noticias\/wp-json\/wp\/v2\/posts\/25667","targetHints":{"allow":["GET"]}}],"collection":[{"href":"https:\/\/blogdorogeriogomes.com.br\/noticias\/wp-json\/wp\/v2\/posts"}],"about":[{"href":"https:\/\/blogdorogeriogomes.com.br\/noticias\/wp-json\/wp\/v2\/types\/post"}],"author":[{"embeddable":true,"href":"https:\/\/blogdorogeriogomes.com.br\/noticias\/wp-json\/wp\/v2\/users\/1"}],"replies":[{"embeddable":true,"href":"https:\/\/blogdorogeriogomes.com.br\/noticias\/wp-json\/wp\/v2\/comments?post=25667"}],"version-history":[{"count":2,"href":"https:\/\/blogdorogeriogomes.com.br\/noticias\/wp-json\/wp\/v2\/posts\/25667\/revisions"}],"predecessor-version":[{"id":25692,"href":"https:\/\/blogdorogeriogomes.com.br\/noticias\/wp-json\/wp\/v2\/posts\/25667\/revisions\/25692"}],"wp:featuredmedia":[{"embeddable":true,"href":"https:\/\/blogdorogeriogomes.com.br\/noticias\/wp-json\/wp\/v2\/media\/25668"}],"wp:attachment":[{"href":"https:\/\/blogdorogeriogomes.com.br\/noticias\/wp-json\/wp\/v2\/media?parent=25667"}],"wp:term":[{"taxonomy":"category","embeddable":true,"href":"https:\/\/blogdorogeriogomes.com.br\/noticias\/wp-json\/wp\/v2\/categories?post=25667"},{"taxonomy":"post_tag","embeddable":true,"href":"https:\/\/blogdorogeriogomes.com.br\/noticias\/wp-json\/wp\/v2\/tags?post=25667"}],"curies":[{"name":"wp","href":"https:\/\/api.w.org\/{rel}","templated":true}]}}