{"id":25670,"date":"2022-06-09T12:00:09","date_gmt":"2022-06-09T12:00:09","guid":{"rendered":"https:\/\/blogdorogeriogomes.com.br\/?p=25670"},"modified":"2022-06-10T18:05:40","modified_gmt":"2022-06-10T18:05:40","slug":"bolsonaro-participa-da-cupula-das-americas-nos-eua-em-meio-a-pressao-por-cenario-de-fome-ameaca-a-democracia-e-crise-na-amazonia","status":"publish","type":"post","link":"https:\/\/blogdorogeriogomes.com.br\/noticias\/2022\/06\/bolsonaro-participa-da-cupula-das-americas-nos-eua-em-meio-a-pressao-por-cenario-de-fome-ameaca-a-democracia-e-crise-na-amazonia\/","title":{"rendered":"Bolsonaro participa da C\u00fapula das Am\u00e9ricas nos EUA em meio a press\u00e3o por cen\u00e1rio de fome, amea\u00e7a \u00e0 Democracia e crise na Amaz\u00f4nia"},"content":{"rendered":"\n<p>O presidente Jair Bolsonaro est\u00e1 em Los Angeles, nos Estados Unidos, para participar da C\u00fapula das Am\u00e9ricas, que re\u00fane l\u00edderes dos pa\u00edses da Am\u00e9rica do Sul, Am\u00e9rica Central e Am\u00e9rica do Norte, para discutir o fortalecimento da democracia na regi\u00e3o. O encontro foi aberto nesta quarta-feira, dia 8 de junho, pelo presidente norte-americano Joe Biden.<\/p>\n\n\n\n<p>A C\u00fapula das Am\u00e9ricas est\u00e1 esvaziada. Pa\u00edses como Venezuela, Cuba e Nicar\u00e1gua foram exclu\u00eddas do evento. Com isso, presidentes de outros pa\u00edses, em solidariedade, n\u00e3o foram a Los Angeles e mandaram apenas representantes.<\/p>\n\n\n\n<p>Jair Bolsonaro tem um encontro marcado com Joe Biden. Antes da viagem, o presidente brasileiro abriu a boca mais uma vez para questionar a elei\u00e7\u00e3o de Biden nos EUA. Segundo ele, o vencedor deveria ter sido Donald Trump. &#8220;Diplomacia pura&#8221;.<\/p>\n\n\n\n<p>Bolsonaro chega para o encontro com o discurso inflamado contra a Democracia. Nos \u00faltimos dias tem atacado com histeria o sistema eleitoral e os ministros do Supremo Tribunal Federal. Al\u00e9m disso, pesquisa nacional mostra que 33 milh\u00f5es de brasileiros est\u00e3o hoje no cen\u00e1rio de fome diante de um quadro de infla\u00e7\u00e3o e pre\u00e7os altos. Um n\u00famero que cresceu 73% em rela\u00e7\u00e3o a 2021.<\/p>\n\n\n\n<p>Para completar, o desmatamento e a falta de fiscaliza\u00e7\u00e3o na Amaz\u00f4nia causam desgaste ao Brasil no cen\u00e1rio internacional. A situa\u00e7\u00e3o s\u00f3 piorou com o desaparecimento no oeste do Amazonas do indigenista Bruno Pereira e do jornalista ingl\u00eas Dom Phillips, desde domingo, dia 5. Os dois vinham sofrendo amea\u00e7as de garimpeiros e madeireiros acusados de invadir \u00e1reas ind\u00edgenas. A\u00e7\u00f5es que s\u00e3o abertamente estimuladas pelo Governo Bolsonaro.<\/p>\n\n\n\n<p>Em tempo: enquanto Bolsonaro estiver fora do Pa\u00eds, o presidente do Senado, Rodrigo Pacheco, estar\u00e1 \u00e0 frente do Pal\u00e1cio do Planalto.<\/p>\n\n\n\n<figure class=\"wp-block-image size-full\"><img loading=\"lazy\" decoding=\"async\" width=\"984\" height=\"657\" src=\"https:\/\/blogdorogeriogomes.com.br\/wp-content\/uploads\/2022\/06\/bolsonaro-pacheco-2.jpg\" alt=\"\" class=\"wp-image-25671\" srcset=\"https:\/\/blogdorogeriogomes.com.br\/noticias\/wp-content\/uploads\/2022\/06\/bolsonaro-pacheco-2.jpg 984w, https:\/\/blogdorogeriogomes.com.br\/noticias\/wp-content\/uploads\/2022\/06\/bolsonaro-pacheco-2-300x200.jpg 300w, https:\/\/blogdorogeriogomes.com.br\/noticias\/wp-content\/uploads\/2022\/06\/bolsonaro-pacheco-2-768x513.jpg 768w, https:\/\/blogdorogeriogomes.com.br\/noticias\/wp-content\/uploads\/2022\/06\/bolsonaro-pacheco-2-800x534.jpg 800w\" sizes=\"auto, (max-width: 984px) 100vw, 984px\" \/><\/figure>\n","protected":false},"excerpt":{"rendered":"<p>O presidente Jair Bolsonaro est\u00e1 em Los Angeles, nos Estados Unidos, para participar da C\u00fapula das Am\u00e9ricas, que re\u00fane l\u00edderes dos pa\u00edses da Am\u00e9rica do Sul, Am\u00e9rica Central e Am\u00e9rica do Norte, para discutir o fortalecimento da democracia na regi\u00e3o. O encontro foi aberto nesta quarta-feira, dia 8 de junho, pelo presidente norte-americano Joe Biden. A C\u00fapula das Am\u00e9ricas est\u00e1 esvaziada. Pa\u00edses como Venezuela, Cuba e Nicar\u00e1gua foram exclu\u00eddas do evento. Com isso, presidentes de outros pa\u00edses, em solidariedade,&hellip;<\/p>\n","protected":false},"author":1,"featured_media":25671,"comment_status":"open","ping_status":"open","sticky":false,"template":"","format":"standard","meta":{"footnotes":""},"categories":[1],"tags":[],"class_list":["post-25670","post","type-post","status-publish","format-standard","has-post-thumbnail","hentry","category-noticias"],"_links":{"self":[{"href":"https:\/\/blogdorogeriogomes.com.br\/noticias\/wp-json\/wp\/v2\/posts\/25670","targetHints":{"allow":["GET"]}}],"collection":[{"href":"https:\/\/blogdorogeriogomes.com.br\/noticias\/wp-json\/wp\/v2\/posts"}],"about":[{"href":"https:\/\/blogdorogeriogomes.com.br\/noticias\/wp-json\/wp\/v2\/types\/post"}],"author":[{"embeddable":true,"href":"https:\/\/blogdorogeriogomes.com.br\/noticias\/wp-json\/wp\/v2\/users\/1"}],"replies":[{"embeddable":true,"href":"https:\/\/blogdorogeriogomes.com.br\/noticias\/wp-json\/wp\/v2\/comments?post=25670"}],"version-history":[{"count":1,"href":"https:\/\/blogdorogeriogomes.com.br\/noticias\/wp-json\/wp\/v2\/posts\/25670\/revisions"}],"predecessor-version":[{"id":25672,"href":"https:\/\/blogdorogeriogomes.com.br\/noticias\/wp-json\/wp\/v2\/posts\/25670\/revisions\/25672"}],"wp:featuredmedia":[{"embeddable":true,"href":"https:\/\/blogdorogeriogomes.com.br\/noticias\/wp-json\/wp\/v2\/media\/25671"}],"wp:attachment":[{"href":"https:\/\/blogdorogeriogomes.com.br\/noticias\/wp-json\/wp\/v2\/media?parent=25670"}],"wp:term":[{"taxonomy":"category","embeddable":true,"href":"https:\/\/blogdorogeriogomes.com.br\/noticias\/wp-json\/wp\/v2\/categories?post=25670"},{"taxonomy":"post_tag","embeddable":true,"href":"https:\/\/blogdorogeriogomes.com.br\/noticias\/wp-json\/wp\/v2\/tags?post=25670"}],"curies":[{"name":"wp","href":"https:\/\/api.w.org\/{rel}","templated":true}]}}