{"id":25678,"date":"2022-06-09T23:30:30","date_gmt":"2022-06-09T23:30:30","guid":{"rendered":"https:\/\/blogdorogeriogomes.com.br\/?p=25678"},"modified":"2022-06-10T18:05:20","modified_gmt":"2022-06-10T18:05:20","slug":"sem-solucao-para-a-inflacao-bolsonaro-e-guedes-apelam-a-donos-de-supermercados-para-congelar-precos","status":"publish","type":"post","link":"https:\/\/blogdorogeriogomes.com.br\/noticias\/2022\/06\/sem-solucao-para-a-inflacao-bolsonaro-e-guedes-apelam-a-donos-de-supermercados-para-congelar-precos\/","title":{"rendered":"Sem solu\u00e7\u00e3o para a infla\u00e7\u00e3o, Bolsonaro e Guedes apelam a donos de supermercados para congelar pre\u00e7os"},"content":{"rendered":"\n<p>A infla\u00e7\u00e3o alta e com pre\u00e7os dos alimentos em disparada est\u00e3o amea\u00e7ando a reelei\u00e7\u00e3o do presidente Jair Bolsonaro. \u00c9 o que as pesquisas eleitorais est\u00e3o mostrando. Nesta quinta-feira, dia 9 de junho, em atitude desesperada, Bolsonaro e o ministro da Economia, Paulo Guedes, apelaram aos donos de supermercados para congelarem os pre\u00e7os dos alimentos at\u00e9 2023. Os produtos da cesta b\u00e1sica aumentaram mais de 67% nos \u00faltimos 12 meses, de acordo com n\u00fameros divulgados pelo IBGE.<\/p>\n\n\n\n<p>Os dois participaram por videoconfer\u00eancia. Bolsonaro est\u00e1 em Los Angeles, para participar da C\u00fapula das Am\u00e9ricas, e Guedes est\u00e1 em Bras\u00edlia. A Associa\u00e7\u00e3o Brasileira de Supermercados (Abras) pede a isen\u00e7\u00e3o de impostos sobre a cesta b\u00e1sica. Tamb\u00e9m foi pedida ao ministro a desonera\u00e7\u00e3o da folha de pagamento do setor.<\/p>\n\n\n\n<p>De quebra, Paulo Guedes reafirmou que o Governo Federal n\u00e3o dar\u00e1 qualquer reajuste salarial ao funcionalismo p\u00fablico federal em 2022. Nem mesmo os 5% de forma linear que estava sendo anunciado pelo presidente Jair Bolsonaro.<\/p>\n\n\n\n<figure class=\"wp-block-image size-full\"><img loading=\"lazy\" decoding=\"async\" width=\"679\" height=\"452\" src=\"https:\/\/blogdorogeriogomes.com.br\/wp-content\/uploads\/2022\/06\/images-99.jpeg\" alt=\"\" class=\"wp-image-25679\" srcset=\"https:\/\/blogdorogeriogomes.com.br\/noticias\/wp-content\/uploads\/2022\/06\/images-99.jpeg 679w, https:\/\/blogdorogeriogomes.com.br\/noticias\/wp-content\/uploads\/2022\/06\/images-99-300x200.jpeg 300w\" sizes=\"auto, (max-width: 679px) 100vw, 679px\" \/><\/figure>\n","protected":false},"excerpt":{"rendered":"<p>A infla\u00e7\u00e3o alta e com pre\u00e7os dos alimentos em disparada est\u00e3o amea\u00e7ando a reelei\u00e7\u00e3o do presidente Jair Bolsonaro. \u00c9 o que as pesquisas eleitorais est\u00e3o mostrando. Nesta quinta-feira, dia 9 de junho, em atitude desesperada, Bolsonaro e o ministro da Economia, Paulo Guedes, apelaram aos donos de supermercados para congelarem os pre\u00e7os dos alimentos at\u00e9 2023. Os produtos da cesta b\u00e1sica aumentaram mais de 67% nos \u00faltimos 12 meses, de acordo com n\u00fameros divulgados pelo IBGE. Os dois participaram&hellip;<\/p>\n","protected":false},"author":1,"featured_media":25679,"comment_status":"open","ping_status":"open","sticky":false,"template":"","format":"standard","meta":{"footnotes":""},"categories":[1],"tags":[],"class_list":["post-25678","post","type-post","status-publish","format-standard","has-post-thumbnail","hentry","category-noticias"],"_links":{"self":[{"href":"https:\/\/blogdorogeriogomes.com.br\/noticias\/wp-json\/wp\/v2\/posts\/25678","targetHints":{"allow":["GET"]}}],"collection":[{"href":"https:\/\/blogdorogeriogomes.com.br\/noticias\/wp-json\/wp\/v2\/posts"}],"about":[{"href":"https:\/\/blogdorogeriogomes.com.br\/noticias\/wp-json\/wp\/v2\/types\/post"}],"author":[{"embeddable":true,"href":"https:\/\/blogdorogeriogomes.com.br\/noticias\/wp-json\/wp\/v2\/users\/1"}],"replies":[{"embeddable":true,"href":"https:\/\/blogdorogeriogomes.com.br\/noticias\/wp-json\/wp\/v2\/comments?post=25678"}],"version-history":[{"count":1,"href":"https:\/\/blogdorogeriogomes.com.br\/noticias\/wp-json\/wp\/v2\/posts\/25678\/revisions"}],"predecessor-version":[{"id":25680,"href":"https:\/\/blogdorogeriogomes.com.br\/noticias\/wp-json\/wp\/v2\/posts\/25678\/revisions\/25680"}],"wp:featuredmedia":[{"embeddable":true,"href":"https:\/\/blogdorogeriogomes.com.br\/noticias\/wp-json\/wp\/v2\/media\/25679"}],"wp:attachment":[{"href":"https:\/\/blogdorogeriogomes.com.br\/noticias\/wp-json\/wp\/v2\/media?parent=25678"}],"wp:term":[{"taxonomy":"category","embeddable":true,"href":"https:\/\/blogdorogeriogomes.com.br\/noticias\/wp-json\/wp\/v2\/categories?post=25678"},{"taxonomy":"post_tag","embeddable":true,"href":"https:\/\/blogdorogeriogomes.com.br\/noticias\/wp-json\/wp\/v2\/tags?post=25678"}],"curies":[{"name":"wp","href":"https:\/\/api.w.org\/{rel}","templated":true}]}}