{"id":25681,"date":"2022-06-10T10:09:17","date_gmt":"2022-06-10T10:09:17","guid":{"rendered":"https:\/\/blogdorogeriogomes.com.br\/?p=25681"},"modified":"2022-06-10T18:05:11","modified_gmt":"2022-06-10T18:05:11","slug":"cortes-do-governo-federal-no-setor-da-educacao-geram-protestos-em-fortaleza-e-no-interior","status":"publish","type":"post","link":"https:\/\/blogdorogeriogomes.com.br\/noticias\/2022\/06\/cortes-do-governo-federal-no-setor-da-educacao-geram-protestos-em-fortaleza-e-no-interior\/","title":{"rendered":"Cortes do Governo Federal no setor da educa\u00e7\u00e3o geram protestos em Fortaleza e no interior"},"content":{"rendered":"\n<p>Os cortes or\u00e7ament\u00e1rios do Governo Bolsonaro no setor de educa\u00e7\u00e3o geram protestos no Cear\u00e1. Estudantes e professores de Fortaleza e mais quatro cidades cearenses protestaram nesta quinta-feira, dia 9 de junho, contra o corte no or\u00e7amento das institui\u00e7\u00f5es federais de ensino superior anunciado pelo Governo Federal. Os atos foram organizados por sindicatos de docentes e movimentos estudantis. Al\u00e9m de Fortaleza, foram realizadas manifesta\u00e7\u00f5es em Juazeiro do Norte, Quixad\u00e1, Reden\u00e7\u00e3o e Sobral.<\/p>\n\n\n\n<p>A Associa\u00e7\u00e3o Nacional dos Dirigentes das Institui\u00e7\u00f5es Federais de Ensino Superior (Andifes) informou que as universidades federais perder\u00e3o mais de R$ 220 milh\u00f5es em seus or\u00e7amentos em raz\u00e3o do remanejamento de recursos pelo Minist\u00e9rio da Educa\u00e7\u00e3o (MEC). A pasta anunciou, na semana passada, um corte de 7,2% no or\u00e7amento destinado a custeio e investimento de institui\u00e7\u00f5es federais de ensino superior. Agora, metade dos 7,2% ser\u00e3o bloqueados.&nbsp;<\/p>\n\n\n\n<figure class=\"wp-block-image size-full\"><img loading=\"lazy\" decoding=\"async\" width=\"818\" height=\"459\" src=\"https:\/\/blogdorogeriogomes.com.br\/wp-content\/uploads\/2022\/06\/1_whatsapp_image_2022_06_09_at_17_50_55-18944976.jpeg\" alt=\"\" class=\"wp-image-25682\" srcset=\"https:\/\/blogdorogeriogomes.com.br\/noticias\/wp-content\/uploads\/2022\/06\/1_whatsapp_image_2022_06_09_at_17_50_55-18944976.jpeg 818w, https:\/\/blogdorogeriogomes.com.br\/noticias\/wp-content\/uploads\/2022\/06\/1_whatsapp_image_2022_06_09_at_17_50_55-18944976-300x168.jpeg 300w, https:\/\/blogdorogeriogomes.com.br\/noticias\/wp-content\/uploads\/2022\/06\/1_whatsapp_image_2022_06_09_at_17_50_55-18944976-768x431.jpeg 768w, https:\/\/blogdorogeriogomes.com.br\/noticias\/wp-content\/uploads\/2022\/06\/1_whatsapp_image_2022_06_09_at_17_50_55-18944976-800x449.jpeg 800w\" sizes=\"auto, (max-width: 818px) 100vw, 818px\" \/><\/figure>\n","protected":false},"excerpt":{"rendered":"<p>Os cortes or\u00e7ament\u00e1rios do Governo Bolsonaro no setor de educa\u00e7\u00e3o geram protestos no Cear\u00e1. Estudantes e professores de Fortaleza e mais quatro cidades cearenses protestaram nesta quinta-feira, dia 9 de junho, contra o corte no or\u00e7amento das institui\u00e7\u00f5es federais de ensino superior anunciado pelo Governo Federal. Os atos foram organizados por sindicatos de docentes e movimentos estudantis. Al\u00e9m de Fortaleza, foram realizadas manifesta\u00e7\u00f5es em Juazeiro do Norte, Quixad\u00e1, Reden\u00e7\u00e3o e Sobral. A Associa\u00e7\u00e3o Nacional dos Dirigentes das Institui\u00e7\u00f5es Federais&hellip;<\/p>\n","protected":false},"author":1,"featured_media":25682,"comment_status":"open","ping_status":"open","sticky":false,"template":"","format":"standard","meta":{"footnotes":""},"categories":[1],"tags":[],"class_list":["post-25681","post","type-post","status-publish","format-standard","has-post-thumbnail","hentry","category-noticias"],"_links":{"self":[{"href":"https:\/\/blogdorogeriogomes.com.br\/noticias\/wp-json\/wp\/v2\/posts\/25681","targetHints":{"allow":["GET"]}}],"collection":[{"href":"https:\/\/blogdorogeriogomes.com.br\/noticias\/wp-json\/wp\/v2\/posts"}],"about":[{"href":"https:\/\/blogdorogeriogomes.com.br\/noticias\/wp-json\/wp\/v2\/types\/post"}],"author":[{"embeddable":true,"href":"https:\/\/blogdorogeriogomes.com.br\/noticias\/wp-json\/wp\/v2\/users\/1"}],"replies":[{"embeddable":true,"href":"https:\/\/blogdorogeriogomes.com.br\/noticias\/wp-json\/wp\/v2\/comments?post=25681"}],"version-history":[{"count":2,"href":"https:\/\/blogdorogeriogomes.com.br\/noticias\/wp-json\/wp\/v2\/posts\/25681\/revisions"}],"predecessor-version":[{"id":25690,"href":"https:\/\/blogdorogeriogomes.com.br\/noticias\/wp-json\/wp\/v2\/posts\/25681\/revisions\/25690"}],"wp:featuredmedia":[{"embeddable":true,"href":"https:\/\/blogdorogeriogomes.com.br\/noticias\/wp-json\/wp\/v2\/media\/25682"}],"wp:attachment":[{"href":"https:\/\/blogdorogeriogomes.com.br\/noticias\/wp-json\/wp\/v2\/media?parent=25681"}],"wp:term":[{"taxonomy":"category","embeddable":true,"href":"https:\/\/blogdorogeriogomes.com.br\/noticias\/wp-json\/wp\/v2\/categories?post=25681"},{"taxonomy":"post_tag","embeddable":true,"href":"https:\/\/blogdorogeriogomes.com.br\/noticias\/wp-json\/wp\/v2\/tags?post=25681"}],"curies":[{"name":"wp","href":"https:\/\/api.w.org\/{rel}","templated":true}]}}