{"id":25684,"date":"2022-06-10T10:31:00","date_gmt":"2022-06-10T10:31:00","guid":{"rendered":"https:\/\/blogdorogeriogomes.com.br\/?p=25684"},"modified":"2022-06-10T18:05:01","modified_gmt":"2022-06-10T18:05:01","slug":"ceara-e-fortaleza-pedem-ao-governo-estadual-que-mantenha-arena-castelao-em-funcionamento-mesmo-com-gramado-em-mas-condicoes","status":"publish","type":"post","link":"https:\/\/blogdorogeriogomes.com.br\/noticias\/2022\/06\/ceara-e-fortaleza-pedem-ao-governo-estadual-que-mantenha-arena-castelao-em-funcionamento-mesmo-com-gramado-em-mas-condicoes\/","title":{"rendered":"Cear\u00e1 e Fortaleza pedem ao Governo Estadual que mantenha Arena Castel\u00e3o em funcionamento, mesmo com gramado em m\u00e1s condi\u00e7\u00f5es"},"content":{"rendered":"\n<p>Na reuni\u00e3o entre a Secretaria do Esporte e Juventude com os representantes de Cear\u00e1 e Fortaleza, que disputam o Brasileir\u00e3o 2022, o entendimento dos dirigentes \u00e9 que a Arena Castel\u00e3o, em Fortaleza, deve continuar recebendo os jogos mesmo com as m\u00e1s condi\u00e7\u00f5es do gramado. O Tricolor do Pici ainda vai disputar jogos da Libertadores no est\u00e1dio, como tamb\u00e9m o Cear\u00e1 ir\u00e1 atuar pela Copa Sul-Americana na pra\u00e7a esportiva. <\/p>\n\n\n\n<p>Os clubes rejeitaram a proposta feita pelo Governo do Estado de iniciar de forma imediata a recupera\u00e7\u00e3o do gramado que teria um prazo de 60 a 90 dias, com a paralisa\u00e7\u00e3o dos jogos no equipamento. Os dirigentes dizem que, no momento, a manuten\u00e7\u00e3o do gramado deve ser paliativa com as partidas sendo mantidas no est\u00e1dio. A utiliza\u00e7\u00e3o do PV foi descartada porque o est\u00e1dio s\u00f3 pode receber at\u00e9 10 mil pagantes por jogo.<\/p>\n\n\n\n<p>Como a Arena Castel\u00e3o \u00e9 administrada pelo Governo do Cear\u00e1, a palavra final sobre o impasse caber\u00e1 \u00e0 governadora Izolda Cela, que dever\u00e1 acatar ao pedido dos clubes cearenses.<\/p>\n\n\n\n<figure class=\"wp-block-image size-full\"><img loading=\"lazy\" decoding=\"async\" width=\"678\" height=\"452\" src=\"https:\/\/blogdorogeriogomes.com.br\/wp-content\/uploads\/2022\/06\/images-100.jpeg\" alt=\"\" class=\"wp-image-25685\" srcset=\"https:\/\/blogdorogeriogomes.com.br\/noticias\/wp-content\/uploads\/2022\/06\/images-100.jpeg 678w, https:\/\/blogdorogeriogomes.com.br\/noticias\/wp-content\/uploads\/2022\/06\/images-100-300x200.jpeg 300w\" sizes=\"auto, (max-width: 678px) 100vw, 678px\" \/><\/figure>\n","protected":false},"excerpt":{"rendered":"<p>Na reuni\u00e3o entre a Secretaria do Esporte e Juventude com os representantes de Cear\u00e1 e Fortaleza, que disputam o Brasileir\u00e3o 2022, o entendimento dos dirigentes \u00e9 que a Arena Castel\u00e3o, em Fortaleza, deve continuar recebendo os jogos mesmo com as m\u00e1s condi\u00e7\u00f5es do gramado. O Tricolor do Pici ainda vai disputar jogos da Libertadores no est\u00e1dio, como tamb\u00e9m o Cear\u00e1 ir\u00e1 atuar pela Copa Sul-Americana na pra\u00e7a esportiva. Os clubes rejeitaram a proposta feita pelo Governo do Estado de&hellip;<\/p>\n","protected":false},"author":1,"featured_media":25685,"comment_status":"open","ping_status":"open","sticky":false,"template":"","format":"standard","meta":{"footnotes":""},"categories":[1],"tags":[],"class_list":["post-25684","post","type-post","status-publish","format-standard","has-post-thumbnail","hentry","category-noticias"],"_links":{"self":[{"href":"https:\/\/blogdorogeriogomes.com.br\/noticias\/wp-json\/wp\/v2\/posts\/25684","targetHints":{"allow":["GET"]}}],"collection":[{"href":"https:\/\/blogdorogeriogomes.com.br\/noticias\/wp-json\/wp\/v2\/posts"}],"about":[{"href":"https:\/\/blogdorogeriogomes.com.br\/noticias\/wp-json\/wp\/v2\/types\/post"}],"author":[{"embeddable":true,"href":"https:\/\/blogdorogeriogomes.com.br\/noticias\/wp-json\/wp\/v2\/users\/1"}],"replies":[{"embeddable":true,"href":"https:\/\/blogdorogeriogomes.com.br\/noticias\/wp-json\/wp\/v2\/comments?post=25684"}],"version-history":[{"count":1,"href":"https:\/\/blogdorogeriogomes.com.br\/noticias\/wp-json\/wp\/v2\/posts\/25684\/revisions"}],"predecessor-version":[{"id":25686,"href":"https:\/\/blogdorogeriogomes.com.br\/noticias\/wp-json\/wp\/v2\/posts\/25684\/revisions\/25686"}],"wp:featuredmedia":[{"embeddable":true,"href":"https:\/\/blogdorogeriogomes.com.br\/noticias\/wp-json\/wp\/v2\/media\/25685"}],"wp:attachment":[{"href":"https:\/\/blogdorogeriogomes.com.br\/noticias\/wp-json\/wp\/v2\/media?parent=25684"}],"wp:term":[{"taxonomy":"category","embeddable":true,"href":"https:\/\/blogdorogeriogomes.com.br\/noticias\/wp-json\/wp\/v2\/categories?post=25684"},{"taxonomy":"post_tag","embeddable":true,"href":"https:\/\/blogdorogeriogomes.com.br\/noticias\/wp-json\/wp\/v2\/tags?post=25684"}],"curies":[{"name":"wp","href":"https:\/\/api.w.org\/{rel}","templated":true}]}}