{"id":25687,"date":"2022-06-10T14:19:12","date_gmt":"2022-06-10T14:19:12","guid":{"rendered":"https:\/\/blogdorogeriogomes.com.br\/?p=25687"},"modified":"2022-06-13T11:06:58","modified_gmt":"2022-06-13T11:06:58","slug":"assembleia-legislativa-lanca-campanha-solidaria-com-exposicao-de-carros-musica-e-gastronomia","status":"publish","type":"post","link":"https:\/\/blogdorogeriogomes.com.br\/noticias\/2022\/06\/assembleia-legislativa-lanca-campanha-solidaria-com-exposicao-de-carros-musica-e-gastronomia\/","title":{"rendered":"Assembleia Legislativa lan\u00e7a campanha solid\u00e1ria com exposi\u00e7\u00e3o de carros, m\u00fasica e gastronomia"},"content":{"rendered":"\n<p>A Assembleia Legislativa do Cear\u00e1 lan\u00e7a no pr\u00f3ximo domingo, dia 12 de junho, das 15 \u00e0s 19 horas, a Campanha Doe Esperan\u00e7a. Na ocasi\u00e3o, haver\u00e1 no entorno do pr\u00e9dio do Parlamento Estadual (avenida Desembargador Moreira, rua Francisco Holanda e rua Barbosa de Freitas) exposi\u00e7\u00e3o de carros, pra\u00e7a de gastronomia, campanha educativa, m\u00fasica e feirinha de economia solid\u00e1ria.<\/p>\n\n\n\n<p>O objetivo da campanha \u00e9 arrecadar alimentos e roupas para pessoas em situa\u00e7\u00e3o de vulnerabilidade. Haver\u00e1 arrecada\u00e7\u00e3o de donativos no lan\u00e7amento da campanha. Caixas ser\u00e3o distribu\u00eddas em supermercados e postos de gasolina para que as doa\u00e7\u00f5es continuem ao longo do m\u00eas. A articula\u00e7\u00e3o \u00e9 do Conselho de Altos Estudos e Assuntos Estrat\u00e9gicos da Alece, presidido pelo deputado Tin Gomes. O lan\u00e7amento conta com as parcerias do Governo do Estado, Secretaria de Desenvolvimento Econ\u00f4mico de Fortaleza, Associa\u00e7\u00e3o dos Servidores da Alece (Assalce), Opera\u00e7\u00e3o Alimenta\u00e7\u00e3o, Detran e Movimento Juntos e Misturados.<\/p>\n\n\n\n<p>O presidente do Parlamento Estadual, deputado Evandro Leit\u00e3o, destaca que a mobiliza\u00e7\u00e3o faz parte do conjunto de a\u00e7\u00f5es do Parlamento no enfrentamento \u00e0 pandemia da Covid-19 e seus impactos negativos na vida da popula\u00e7\u00e3o cearense. No primeiro semestre de 2021, a Alece arrecadou e distribuiu cerca de 35 toneladas de alimentos para doar para institui\u00e7\u00f5es na capital e no interior. No segundo semestre do ano passado, a Casa adquiriu 30 mil cestas b\u00e1sicas e, em parceria com a Secretaria de Prote\u00e7\u00e3o Social, Justi\u00e7a Cidadania, Mulheres e Direitos Humanos (SPS), distribuiu para fam\u00edlias dos munic\u00edpios com baixo \u00cdndice de Desenvolvimento Humano (IDH).<\/p>\n\n\n\n<p>&#8220;A Assembleia Legislativa segue fortalecendo sua atua\u00e7\u00e3o em busca de minimizar a situa\u00e7\u00e3o de extrema necessidade enfrentada por muitas fam\u00edlias em nosso estado. No ano passado, garantimos medidas importantes, como doa\u00e7\u00e3o de cestas b\u00e1sicas, isen\u00e7\u00e3o de pagamento de contas de \u00e1gua e luz, assim como o vale g\u00e1s social. Neste momento em que ainda enfrentamos consequ\u00eancias da crise sanit\u00e1ria e uma forte alta de pre\u00e7os de itens b\u00e1sicos, \u00e9 importante que continuemos unidos nesta miss\u00e3o de solidariedade, cidadania e compromisso social&#8221;, afirma Evandro.<\/p>\n\n\n\n<figure class=\"wp-block-image size-large is-resized\"><img loading=\"lazy\" decoding=\"async\" src=\"https:\/\/blogdorogeriogomes.com.br\/wp-content\/uploads\/2022\/06\/IMG-20220610-WA0038-1024x565.jpg\" alt=\"\" class=\"wp-image-25688\" width=\"345\" height=\"190\" srcset=\"https:\/\/blogdorogeriogomes.com.br\/noticias\/wp-content\/uploads\/2022\/06\/IMG-20220610-WA0038-1024x565.jpg 1024w, https:\/\/blogdorogeriogomes.com.br\/noticias\/wp-content\/uploads\/2022\/06\/IMG-20220610-WA0038-300x165.jpg 300w, https:\/\/blogdorogeriogomes.com.br\/noticias\/wp-content\/uploads\/2022\/06\/IMG-20220610-WA0038-768x424.jpg 768w, https:\/\/blogdorogeriogomes.com.br\/noticias\/wp-content\/uploads\/2022\/06\/IMG-20220610-WA0038-800x441.jpg 800w, https:\/\/blogdorogeriogomes.com.br\/noticias\/wp-content\/uploads\/2022\/06\/IMG-20220610-WA0038.jpg 1280w\" sizes=\"auto, (max-width: 345px) 100vw, 345px\" \/><\/figure>\n","protected":false},"excerpt":{"rendered":"<p>A Assembleia Legislativa do Cear\u00e1 lan\u00e7a no pr\u00f3ximo domingo, dia 12 de junho, das 15 \u00e0s 19 horas, a Campanha Doe Esperan\u00e7a. Na ocasi\u00e3o, haver\u00e1 no entorno do pr\u00e9dio do Parlamento Estadual (avenida Desembargador Moreira, rua Francisco Holanda e rua Barbosa de Freitas) exposi\u00e7\u00e3o de carros, pra\u00e7a de gastronomia, campanha educativa, m\u00fasica e feirinha de economia solid\u00e1ria. O objetivo da campanha \u00e9 arrecadar alimentos e roupas para pessoas em situa\u00e7\u00e3o de vulnerabilidade. Haver\u00e1 arrecada\u00e7\u00e3o de donativos no lan\u00e7amento da&hellip;<\/p>\n","protected":false},"author":1,"featured_media":25688,"comment_status":"open","ping_status":"open","sticky":false,"template":"","format":"standard","meta":{"footnotes":""},"categories":[1],"tags":[],"class_list":["post-25687","post","type-post","status-publish","format-standard","has-post-thumbnail","hentry","category-noticias"],"_links":{"self":[{"href":"https:\/\/blogdorogeriogomes.com.br\/noticias\/wp-json\/wp\/v2\/posts\/25687","targetHints":{"allow":["GET"]}}],"collection":[{"href":"https:\/\/blogdorogeriogomes.com.br\/noticias\/wp-json\/wp\/v2\/posts"}],"about":[{"href":"https:\/\/blogdorogeriogomes.com.br\/noticias\/wp-json\/wp\/v2\/types\/post"}],"author":[{"embeddable":true,"href":"https:\/\/blogdorogeriogomes.com.br\/noticias\/wp-json\/wp\/v2\/users\/1"}],"replies":[{"embeddable":true,"href":"https:\/\/blogdorogeriogomes.com.br\/noticias\/wp-json\/wp\/v2\/comments?post=25687"}],"version-history":[{"count":1,"href":"https:\/\/blogdorogeriogomes.com.br\/noticias\/wp-json\/wp\/v2\/posts\/25687\/revisions"}],"predecessor-version":[{"id":25689,"href":"https:\/\/blogdorogeriogomes.com.br\/noticias\/wp-json\/wp\/v2\/posts\/25687\/revisions\/25689"}],"wp:featuredmedia":[{"embeddable":true,"href":"https:\/\/blogdorogeriogomes.com.br\/noticias\/wp-json\/wp\/v2\/media\/25688"}],"wp:attachment":[{"href":"https:\/\/blogdorogeriogomes.com.br\/noticias\/wp-json\/wp\/v2\/media?parent=25687"}],"wp:term":[{"taxonomy":"category","embeddable":true,"href":"https:\/\/blogdorogeriogomes.com.br\/noticias\/wp-json\/wp\/v2\/categories?post=25687"},{"taxonomy":"post_tag","embeddable":true,"href":"https:\/\/blogdorogeriogomes.com.br\/noticias\/wp-json\/wp\/v2\/tags?post=25687"}],"curies":[{"name":"wp","href":"https:\/\/api.w.org\/{rel}","templated":true}]}}