{"id":25693,"date":"2022-06-10T18:45:34","date_gmt":"2022-06-10T18:45:34","guid":{"rendered":"https:\/\/blogdorogeriogomes.com.br\/?p=25693"},"modified":"2022-06-13T11:06:18","modified_gmt":"2022-06-13T11:06:18","slug":"governo-do-ceara-volta-a-recomendar-uso-de-mascaras-em-ambientes-fechados-ou-com-aglomeracao","status":"publish","type":"post","link":"https:\/\/blogdorogeriogomes.com.br\/noticias\/2022\/06\/governo-do-ceara-volta-a-recomendar-uso-de-mascaras-em-ambientes-fechados-ou-com-aglomeracao\/","title":{"rendered":"Governo do Cear\u00e1 volta a recomendar uso de m\u00e1scaras em ambientes fechados ou com aglomera\u00e7\u00e3o"},"content":{"rendered":"\n<p>A governadora Izolda Cela comunicou que, a partir desta segunda-feira, dia 13 de junho, o uso de m\u00e1scaras ser\u00e1 recomendado em ambientes fechados, incluindo institui\u00e7\u00f5es de ensino, e em locais abertos que possibilitem aglomera\u00e7\u00e3o. A medida foi tomada pelo Comit\u00ea Estadual de Enfrentamento \u00e0 Pandemia para conter o aumento de casos positivos para a Covid-19 observado em todo o Brasil.<\/p>\n\n\n\n<p>Em live nas redes sociais, acompanhada do secret\u00e1rio da Sa\u00fade, Marcos Gadelha, a chefe do Executivo Estadual ressaltou que, apesar do crescimento de casos, n\u00e3o s\u00e3o percebidas ocorr\u00eancias de agravamento pela doen\u00e7a e consequente demanda por assist\u00eancia.&nbsp;<\/p>\n\n\n\n<p>A medida do uso de m\u00e1scaras em ambientes fechados n\u00e3o \u00e9 obrigat\u00f3ria, apenas \u00e9 recomendada devido \u00e0 alta na positividade dos casos de Covid-19 no Estado.&nbsp;O uso de m\u00e1scaras foi flexibilizado em todos os ambientes no Cear\u00e1 desde 15 de abril deste ano.<br><\/p>\n\n\n\n<figure class=\"wp-block-image size-large\"><img loading=\"lazy\" decoding=\"async\" width=\"1024\" height=\"684\" src=\"https:\/\/blogdorogeriogomes.com.br\/wp-content\/uploads\/2022\/06\/220610_LIVE-DECRETO_CGM1560-1200x802-1-1024x684.jpg\" alt=\"\" class=\"wp-image-25694\" srcset=\"https:\/\/blogdorogeriogomes.com.br\/noticias\/wp-content\/uploads\/2022\/06\/220610_LIVE-DECRETO_CGM1560-1200x802-1-1024x684.jpg 1024w, https:\/\/blogdorogeriogomes.com.br\/noticias\/wp-content\/uploads\/2022\/06\/220610_LIVE-DECRETO_CGM1560-1200x802-1-300x201.jpg 300w, https:\/\/blogdorogeriogomes.com.br\/noticias\/wp-content\/uploads\/2022\/06\/220610_LIVE-DECRETO_CGM1560-1200x802-1-768x513.jpg 768w, https:\/\/blogdorogeriogomes.com.br\/noticias\/wp-content\/uploads\/2022\/06\/220610_LIVE-DECRETO_CGM1560-1200x802-1-800x535.jpg 800w, https:\/\/blogdorogeriogomes.com.br\/noticias\/wp-content\/uploads\/2022\/06\/220610_LIVE-DECRETO_CGM1560-1200x802-1.jpg 1200w\" sizes=\"auto, (max-width: 1024px) 100vw, 1024px\" \/><\/figure>\n","protected":false},"excerpt":{"rendered":"<p>A governadora Izolda Cela comunicou que, a partir desta segunda-feira, dia 13 de junho, o uso de m\u00e1scaras ser\u00e1 recomendado em ambientes fechados, incluindo institui\u00e7\u00f5es de ensino, e em locais abertos que possibilitem aglomera\u00e7\u00e3o. A medida foi tomada pelo Comit\u00ea Estadual de Enfrentamento \u00e0 Pandemia para conter o aumento de casos positivos para a Covid-19 observado em todo o Brasil. Em live nas redes sociais, acompanhada do secret\u00e1rio da Sa\u00fade, Marcos Gadelha, a chefe do Executivo Estadual ressaltou que,&hellip;<\/p>\n","protected":false},"author":1,"featured_media":25694,"comment_status":"open","ping_status":"open","sticky":false,"template":"","format":"standard","meta":{"footnotes":""},"categories":[1],"tags":[],"class_list":["post-25693","post","type-post","status-publish","format-standard","has-post-thumbnail","hentry","category-noticias"],"_links":{"self":[{"href":"https:\/\/blogdorogeriogomes.com.br\/noticias\/wp-json\/wp\/v2\/posts\/25693","targetHints":{"allow":["GET"]}}],"collection":[{"href":"https:\/\/blogdorogeriogomes.com.br\/noticias\/wp-json\/wp\/v2\/posts"}],"about":[{"href":"https:\/\/blogdorogeriogomes.com.br\/noticias\/wp-json\/wp\/v2\/types\/post"}],"author":[{"embeddable":true,"href":"https:\/\/blogdorogeriogomes.com.br\/noticias\/wp-json\/wp\/v2\/users\/1"}],"replies":[{"embeddable":true,"href":"https:\/\/blogdorogeriogomes.com.br\/noticias\/wp-json\/wp\/v2\/comments?post=25693"}],"version-history":[{"count":2,"href":"https:\/\/blogdorogeriogomes.com.br\/noticias\/wp-json\/wp\/v2\/posts\/25693\/revisions"}],"predecessor-version":[{"id":25712,"href":"https:\/\/blogdorogeriogomes.com.br\/noticias\/wp-json\/wp\/v2\/posts\/25693\/revisions\/25712"}],"wp:featuredmedia":[{"embeddable":true,"href":"https:\/\/blogdorogeriogomes.com.br\/noticias\/wp-json\/wp\/v2\/media\/25694"}],"wp:attachment":[{"href":"https:\/\/blogdorogeriogomes.com.br\/noticias\/wp-json\/wp\/v2\/media?parent=25693"}],"wp:term":[{"taxonomy":"category","embeddable":true,"href":"https:\/\/blogdorogeriogomes.com.br\/noticias\/wp-json\/wp\/v2\/categories?post=25693"},{"taxonomy":"post_tag","embeddable":true,"href":"https:\/\/blogdorogeriogomes.com.br\/noticias\/wp-json\/wp\/v2\/tags?post=25693"}],"curies":[{"name":"wp","href":"https:\/\/api.w.org\/{rel}","templated":true}]}}