{"id":25699,"date":"2022-06-11T10:21:16","date_gmt":"2022-06-11T10:21:16","guid":{"rendered":"https:\/\/blogdorogeriogomes.com.br\/?p=25699"},"modified":"2022-06-13T11:06:03","modified_gmt":"2022-06-13T11:06:03","slug":"prefeitura-de-fortaleza-abre-inscricoes-do-concurso-para-professor-do-municipio","status":"publish","type":"post","link":"https:\/\/blogdorogeriogomes.com.br\/noticias\/2022\/06\/prefeitura-de-fortaleza-abre-inscricoes-do-concurso-para-professor-do-municipio\/","title":{"rendered":"Prefeitura de Fortaleza abre inscri\u00e7\u00f5es do concurso para professor do munic\u00edpio"},"content":{"rendered":"\n<p>A Prefeitura de Fortaleza abriu nesta sexta-feira, dia 10 de junho, as inscri\u00e7\u00f5es do concurso p\u00fablico para a contrata\u00e7\u00e3o de dois mil professores efetivos para a Rede Municipal de Ensino. O certame ser\u00e1 realizado pelo Instituto de Desenvolvimento e Recursos Humanos do Munic\u00edpio (Imparh) e segue&nbsp;com inscri\u00e7\u00f5es abertas at\u00e9 3 de julho.&nbsp;Para se inscrever, o candidato dever\u00e1 preencher o formul\u00e1rio de inscri\u00e7\u00e3o, exclusivamente pela internet, dispon\u00edvel no canal&nbsp;Concursos e Sele\u00e7\u00f5es da Prefeitura de Fortaleza.<\/p>\n\n\n\n<p>O concurso p\u00fablico \u00e9 o maior realizado nos \u00faltimos anos para a \u00e1rea da educa\u00e7\u00e3o e oferta 944 vagas para professores de \u00e1reas espec\u00edficas (Ci\u00eancias, L\u00edngua Portuguesa, Educa\u00e7\u00e3o F\u00edsica, Geografia, Hist\u00f3ria, L\u00edngua Portuguesa\/Literatura, Matem\u00e1tica e Ensino Religioso) e 1.056 para profissionais pedagogos.<\/p>\n\n\n\n<figure class=\"wp-block-image size-large\"><img loading=\"lazy\" decoding=\"async\" width=\"1024\" height=\"683\" src=\"https:\/\/blogdorogeriogomes.com.br\/wp-content\/uploads\/2022\/06\/professora-em-sala-de-aula-1024x683.jpg\" alt=\"\" class=\"wp-image-25700\" srcset=\"https:\/\/blogdorogeriogomes.com.br\/noticias\/wp-content\/uploads\/2022\/06\/professora-em-sala-de-aula-1024x683.jpg 1024w, https:\/\/blogdorogeriogomes.com.br\/noticias\/wp-content\/uploads\/2022\/06\/professora-em-sala-de-aula-300x200.jpg 300w, https:\/\/blogdorogeriogomes.com.br\/noticias\/wp-content\/uploads\/2022\/06\/professora-em-sala-de-aula-768x512.jpg 768w, https:\/\/blogdorogeriogomes.com.br\/noticias\/wp-content\/uploads\/2022\/06\/professora-em-sala-de-aula-1536x1024.jpg 1536w, https:\/\/blogdorogeriogomes.com.br\/noticias\/wp-content\/uploads\/2022\/06\/professora-em-sala-de-aula-2048x1365.jpg 2048w, https:\/\/blogdorogeriogomes.com.br\/noticias\/wp-content\/uploads\/2022\/06\/professora-em-sala-de-aula-800x533.jpg 800w\" sizes=\"auto, (max-width: 1024px) 100vw, 1024px\" \/><\/figure>\n","protected":false},"excerpt":{"rendered":"<p>A Prefeitura de Fortaleza abriu nesta sexta-feira, dia 10 de junho, as inscri\u00e7\u00f5es do concurso p\u00fablico para a contrata\u00e7\u00e3o de dois mil professores efetivos para a Rede Municipal de Ensino. O certame ser\u00e1 realizado pelo Instituto de Desenvolvimento e Recursos Humanos do Munic\u00edpio (Imparh) e segue&nbsp;com inscri\u00e7\u00f5es abertas at\u00e9 3 de julho.&nbsp;Para se inscrever, o candidato dever\u00e1 preencher o formul\u00e1rio de inscri\u00e7\u00e3o, exclusivamente pela internet, dispon\u00edvel no canal&nbsp;Concursos e Sele\u00e7\u00f5es da Prefeitura de Fortaleza. O concurso p\u00fablico \u00e9 o&hellip;<\/p>\n","protected":false},"author":1,"featured_media":25700,"comment_status":"open","ping_status":"open","sticky":false,"template":"","format":"standard","meta":{"footnotes":""},"categories":[1],"tags":[],"class_list":["post-25699","post","type-post","status-publish","format-standard","has-post-thumbnail","hentry","category-noticias"],"_links":{"self":[{"href":"https:\/\/blogdorogeriogomes.com.br\/noticias\/wp-json\/wp\/v2\/posts\/25699","targetHints":{"allow":["GET"]}}],"collection":[{"href":"https:\/\/blogdorogeriogomes.com.br\/noticias\/wp-json\/wp\/v2\/posts"}],"about":[{"href":"https:\/\/blogdorogeriogomes.com.br\/noticias\/wp-json\/wp\/v2\/types\/post"}],"author":[{"embeddable":true,"href":"https:\/\/blogdorogeriogomes.com.br\/noticias\/wp-json\/wp\/v2\/users\/1"}],"replies":[{"embeddable":true,"href":"https:\/\/blogdorogeriogomes.com.br\/noticias\/wp-json\/wp\/v2\/comments?post=25699"}],"version-history":[{"count":2,"href":"https:\/\/blogdorogeriogomes.com.br\/noticias\/wp-json\/wp\/v2\/posts\/25699\/revisions"}],"predecessor-version":[{"id":25711,"href":"https:\/\/blogdorogeriogomes.com.br\/noticias\/wp-json\/wp\/v2\/posts\/25699\/revisions\/25711"}],"wp:featuredmedia":[{"embeddable":true,"href":"https:\/\/blogdorogeriogomes.com.br\/noticias\/wp-json\/wp\/v2\/media\/25700"}],"wp:attachment":[{"href":"https:\/\/blogdorogeriogomes.com.br\/noticias\/wp-json\/wp\/v2\/media?parent=25699"}],"wp:term":[{"taxonomy":"category","embeddable":true,"href":"https:\/\/blogdorogeriogomes.com.br\/noticias\/wp-json\/wp\/v2\/categories?post=25699"},{"taxonomy":"post_tag","embeddable":true,"href":"https:\/\/blogdorogeriogomes.com.br\/noticias\/wp-json\/wp\/v2\/tags?post=25699"}],"curies":[{"name":"wp","href":"https:\/\/api.w.org\/{rel}","templated":true}]}}