{"id":25703,"date":"2022-06-12T12:41:09","date_gmt":"2022-06-12T12:41:09","guid":{"rendered":"https:\/\/blogdorogeriogomes.com.br\/?p=25703"},"modified":"2022-06-13T11:05:53","modified_gmt":"2022-06-13T11:05:53","slug":"concurso-do-metrofor-e-suspenso-por-determinacao-da-justica-neste-domingo","status":"publish","type":"post","link":"https:\/\/blogdorogeriogomes.com.br\/noticias\/2022\/06\/concurso-do-metrofor-e-suspenso-por-determinacao-da-justica-neste-domingo\/","title":{"rendered":"Concurso do Metrofor \u00e9 suspenso por determina\u00e7\u00e3o da Justi\u00e7a neste domingo"},"content":{"rendered":"\n<p>A&nbsp;Justi\u00e7a do Cear\u00e1 determinou a suspens\u00e3o do concurso p\u00fablico da Companhia Cearense de Transportes Metropolitanos (Metrofor), que tinha provas&nbsp;previstas para este domingo, dia 12 de junho. A companhia afirmou n\u00e3o sido notificada da decis\u00e3o. Ainda n\u00e3o h\u00e1 informa\u00e7\u00f5es sobre a nova data do certame ou se haver\u00e1 devolu\u00e7\u00e3o da taxa de inscri\u00e7\u00e3o. Os candidatos foram avisados horas antes da aplica\u00e7\u00e3o das provas.<\/p>\n\n\n\n<p>O Poder Judici\u00e1rio argumentou que o edital n\u00e3o exige requisitos m\u00ednimos para a fun\u00e7\u00e3o de assistente condutor de VLT e deve ser suspenso at\u00e9 a retifica\u00e7\u00e3o do edital. A decis\u00e3o atende a pedido do Minist\u00e9rio P\u00fablico do Estado do Cear\u00e1.<\/p>\n\n\n\n<figure class=\"wp-block-image size-full\"><img loading=\"lazy\" decoding=\"async\" width=\"679\" height=\"452\" src=\"https:\/\/blogdorogeriogomes.com.br\/wp-content\/uploads\/2022\/06\/images-2022-06-12T093336.198.jpeg\" alt=\"\" class=\"wp-image-25704\" srcset=\"https:\/\/blogdorogeriogomes.com.br\/noticias\/wp-content\/uploads\/2022\/06\/images-2022-06-12T093336.198.jpeg 679w, https:\/\/blogdorogeriogomes.com.br\/noticias\/wp-content\/uploads\/2022\/06\/images-2022-06-12T093336.198-300x200.jpeg 300w\" sizes=\"auto, (max-width: 679px) 100vw, 679px\" \/><\/figure>\n","protected":false},"excerpt":{"rendered":"<p>A&nbsp;Justi\u00e7a do Cear\u00e1 determinou a suspens\u00e3o do concurso p\u00fablico da Companhia Cearense de Transportes Metropolitanos (Metrofor), que tinha provas&nbsp;previstas para este domingo, dia 12 de junho. A companhia afirmou n\u00e3o sido notificada da decis\u00e3o. Ainda n\u00e3o h\u00e1 informa\u00e7\u00f5es sobre a nova data do certame ou se haver\u00e1 devolu\u00e7\u00e3o da taxa de inscri\u00e7\u00e3o. Os candidatos foram avisados horas antes da aplica\u00e7\u00e3o das provas. O Poder Judici\u00e1rio argumentou que o edital n\u00e3o exige requisitos m\u00ednimos para a fun\u00e7\u00e3o de assistente condutor&hellip;<\/p>\n","protected":false},"author":1,"featured_media":25704,"comment_status":"open","ping_status":"open","sticky":false,"template":"","format":"standard","meta":{"footnotes":""},"categories":[1],"tags":[],"class_list":["post-25703","post","type-post","status-publish","format-standard","has-post-thumbnail","hentry","category-noticias"],"_links":{"self":[{"href":"https:\/\/blogdorogeriogomes.com.br\/noticias\/wp-json\/wp\/v2\/posts\/25703","targetHints":{"allow":["GET"]}}],"collection":[{"href":"https:\/\/blogdorogeriogomes.com.br\/noticias\/wp-json\/wp\/v2\/posts"}],"about":[{"href":"https:\/\/blogdorogeriogomes.com.br\/noticias\/wp-json\/wp\/v2\/types\/post"}],"author":[{"embeddable":true,"href":"https:\/\/blogdorogeriogomes.com.br\/noticias\/wp-json\/wp\/v2\/users\/1"}],"replies":[{"embeddable":true,"href":"https:\/\/blogdorogeriogomes.com.br\/noticias\/wp-json\/wp\/v2\/comments?post=25703"}],"version-history":[{"count":2,"href":"https:\/\/blogdorogeriogomes.com.br\/noticias\/wp-json\/wp\/v2\/posts\/25703\/revisions"}],"predecessor-version":[{"id":25710,"href":"https:\/\/blogdorogeriogomes.com.br\/noticias\/wp-json\/wp\/v2\/posts\/25703\/revisions\/25710"}],"wp:featuredmedia":[{"embeddable":true,"href":"https:\/\/blogdorogeriogomes.com.br\/noticias\/wp-json\/wp\/v2\/media\/25704"}],"wp:attachment":[{"href":"https:\/\/blogdorogeriogomes.com.br\/noticias\/wp-json\/wp\/v2\/media?parent=25703"}],"wp:term":[{"taxonomy":"category","embeddable":true,"href":"https:\/\/blogdorogeriogomes.com.br\/noticias\/wp-json\/wp\/v2\/categories?post=25703"},{"taxonomy":"post_tag","embeddable":true,"href":"https:\/\/blogdorogeriogomes.com.br\/noticias\/wp-json\/wp\/v2\/tags?post=25703"}],"curies":[{"name":"wp","href":"https:\/\/api.w.org\/{rel}","templated":true}]}}