{"id":25713,"date":"2022-06-13T11:42:53","date_gmt":"2022-06-13T11:42:53","guid":{"rendered":"https:\/\/blogdorogeriogomes.com.br\/?p=25713"},"modified":"2022-06-14T14:50:40","modified_gmt":"2022-06-14T14:50:40","slug":"mes-de-maio-registra-aumento-de-44-no-numero-de-casos-de-covid-19-no-ceara","status":"publish","type":"post","link":"https:\/\/blogdorogeriogomes.com.br\/noticias\/2022\/06\/mes-de-maio-registra-aumento-de-44-no-numero-de-casos-de-covid-19-no-ceara\/","title":{"rendered":"M\u00eas de maio registra aumento de 44% no n\u00famero de casos de Covid-19 no Cear\u00e1"},"content":{"rendered":"\n<p>Ap\u00f3s tr\u00eas meses de queda, os n\u00fameros de casos de Covid-19 no Cear\u00e1 voltaram a subir, segundo a Secretaria de Sa\u00fade do Estado. Nos 11 primeiros dias de junho, tinham sido registrados 1.163 casos da doen\u00e7a no Cear\u00e1. Em maio, o aumento de pessoas infectadas com o coronav\u00edrus foi de 44%. No entanto, nos primeiros dias de junho n\u00e3o foi registrado nenhuma morte pela doen\u00e7a.<\/p>\n\n\n\n<p>Diante do aparecimento de pessoas infectadas (muitas delas j\u00e1 tiveram Covid-19 mais de uma vez), as redes p\u00fablica e privada de sa\u00fade voltaram a reservar leitos espec\u00edficos para tratar os pacientes adoentados. A maioria dos casos tem sido com sintomas mais leves.<\/p>\n\n\n\n<p>A recomenda\u00e7\u00e3o da Secretaria de Sa\u00fade do Cear\u00e1 \u00e9 que as pessoas voltem a utilizar m\u00e1scaras faciais em ambientes fechados e em locais que existam aglomera\u00e7\u00e3o.<\/p>\n\n\n\n<figure class=\"wp-block-image size-full\"><img loading=\"lazy\" decoding=\"async\" width=\"700\" height=\"438\" src=\"https:\/\/blogdorogeriogomes.com.br\/wp-content\/uploads\/2022\/06\/images-2022-06-13T083257.921.jpeg\" alt=\"\" class=\"wp-image-25714\" srcset=\"https:\/\/blogdorogeriogomes.com.br\/noticias\/wp-content\/uploads\/2022\/06\/images-2022-06-13T083257.921.jpeg 700w, https:\/\/blogdorogeriogomes.com.br\/noticias\/wp-content\/uploads\/2022\/06\/images-2022-06-13T083257.921-300x188.jpeg 300w\" sizes=\"auto, (max-width: 700px) 100vw, 700px\" \/><\/figure>\n","protected":false},"excerpt":{"rendered":"<p>Ap\u00f3s tr\u00eas meses de queda, os n\u00fameros de casos de Covid-19 no Cear\u00e1 voltaram a subir, segundo a Secretaria de Sa\u00fade do Estado. Nos 11 primeiros dias de junho, tinham sido registrados 1.163 casos da doen\u00e7a no Cear\u00e1. Em maio, o aumento de pessoas infectadas com o coronav\u00edrus foi de 44%. No entanto, nos primeiros dias de junho n\u00e3o foi registrado nenhuma morte pela doen\u00e7a. Diante do aparecimento de pessoas infectadas (muitas delas j\u00e1 tiveram Covid-19 mais de uma&hellip;<\/p>\n","protected":false},"author":1,"featured_media":25714,"comment_status":"open","ping_status":"open","sticky":false,"template":"","format":"standard","meta":{"footnotes":""},"categories":[1],"tags":[],"class_list":["post-25713","post","type-post","status-publish","format-standard","has-post-thumbnail","hentry","category-noticias"],"_links":{"self":[{"href":"https:\/\/blogdorogeriogomes.com.br\/noticias\/wp-json\/wp\/v2\/posts\/25713","targetHints":{"allow":["GET"]}}],"collection":[{"href":"https:\/\/blogdorogeriogomes.com.br\/noticias\/wp-json\/wp\/v2\/posts"}],"about":[{"href":"https:\/\/blogdorogeriogomes.com.br\/noticias\/wp-json\/wp\/v2\/types\/post"}],"author":[{"embeddable":true,"href":"https:\/\/blogdorogeriogomes.com.br\/noticias\/wp-json\/wp\/v2\/users\/1"}],"replies":[{"embeddable":true,"href":"https:\/\/blogdorogeriogomes.com.br\/noticias\/wp-json\/wp\/v2\/comments?post=25713"}],"version-history":[{"count":1,"href":"https:\/\/blogdorogeriogomes.com.br\/noticias\/wp-json\/wp\/v2\/posts\/25713\/revisions"}],"predecessor-version":[{"id":25715,"href":"https:\/\/blogdorogeriogomes.com.br\/noticias\/wp-json\/wp\/v2\/posts\/25713\/revisions\/25715"}],"wp:featuredmedia":[{"embeddable":true,"href":"https:\/\/blogdorogeriogomes.com.br\/noticias\/wp-json\/wp\/v2\/media\/25714"}],"wp:attachment":[{"href":"https:\/\/blogdorogeriogomes.com.br\/noticias\/wp-json\/wp\/v2\/media?parent=25713"}],"wp:term":[{"taxonomy":"category","embeddable":true,"href":"https:\/\/blogdorogeriogomes.com.br\/noticias\/wp-json\/wp\/v2\/categories?post=25713"},{"taxonomy":"post_tag","embeddable":true,"href":"https:\/\/blogdorogeriogomes.com.br\/noticias\/wp-json\/wp\/v2\/tags?post=25713"}],"curies":[{"name":"wp","href":"https:\/\/api.w.org\/{rel}","templated":true}]}}