{"id":25719,"date":"2022-06-13T22:38:03","date_gmt":"2022-06-13T22:38:03","guid":{"rendered":"https:\/\/blogdorogeriogomes.com.br\/?p=25719"},"modified":"2022-06-14T14:50:19","modified_gmt":"2022-06-14T14:50:19","slug":"pdt-realiza-encontro-com-liderancas-de-todo-o-nordeste-em-fortaleza-nesta-quarta-feira","status":"publish","type":"post","link":"https:\/\/blogdorogeriogomes.com.br\/noticias\/2022\/06\/pdt-realiza-encontro-com-liderancas-de-todo-o-nordeste-em-fortaleza-nesta-quarta-feira\/","title":{"rendered":"PDT realiza encontro com lideran\u00e7as de todo o Nordeste em Fortaleza nesta quarta-feira"},"content":{"rendered":"\n<p>A Executiva Nacional do PDT realiza, nesta quarta-feira, dia 15 de junho, em Fortaleza, o semin\u00e1rio \u201cO PDT sabe fazer\u201d. O objetivo do encontro, que nessa primeira edi\u00e7\u00e3o vai reunir lideran\u00e7as trabalhistas de todo o Nordeste, \u00e9 apresentar as experi\u00eancias bem sucedidas nas gest\u00f5es pedetistas e apontar os desafios e caminhos para o futuro do Brasil. O evento acontece a partir das 9h30min, no Hotel Mareiro, e ter\u00e1 transmiss\u00e3o pelas redes sociais do PDT.<\/p>\n\n\n\n<p>O semin\u00e1rio vai reunir o pr\u00e9-candidato do PDT \u00e0 Presid\u00eancia da Rep\u00fablica, Ciro Gomes, o presidente nacional do partido, Carlos Lupi, a governadora cearense Izolda Cela, al\u00e9m dos prefeitos de Fortaleza, Jos\u00e9 Sarto e de Aracaju, Edvaldo Nogueira; dos vice-prefeitos de Salvador, Ana Paula Santos; de Recife, Isabella de Rold\u00e3o; de Natal, Aila Cortez; de Macei\u00f3, Ronaldo Lessa; do ex-prefeito de Natal, Carlos Eduardo; do ex-prefeito de Fortaleza, Roberto Cl\u00e1udio, dos senadores Cid Gomes (CE) e Weverton Rocha (MA), assim como parlamentares estaduais e federais, prefeitos, vice-prefeitos, vereadores, pr\u00e9-candidatos \u00e0 deputado federal e estadual pedetistas de diversos estados do Nordeste.<\/p>\n\n\n\n<figure class=\"wp-block-image size-full\"><img loading=\"lazy\" decoding=\"async\" width=\"640\" height=\"480\" src=\"https:\/\/blogdorogeriogomes.com.br\/wp-content\/uploads\/2022\/06\/images-2022-06-13T193321.611.jpeg\" alt=\"\" class=\"wp-image-25720\" srcset=\"https:\/\/blogdorogeriogomes.com.br\/noticias\/wp-content\/uploads\/2022\/06\/images-2022-06-13T193321.611.jpeg 640w, https:\/\/blogdorogeriogomes.com.br\/noticias\/wp-content\/uploads\/2022\/06\/images-2022-06-13T193321.611-300x225.jpeg 300w, https:\/\/blogdorogeriogomes.com.br\/noticias\/wp-content\/uploads\/2022\/06\/images-2022-06-13T193321.611-400x300.jpeg 400w\" sizes=\"auto, (max-width: 640px) 100vw, 640px\" \/><\/figure>\n\n\n\n<p><\/p>\n\n\n\n<p><\/p>\n","protected":false},"excerpt":{"rendered":"<p>A Executiva Nacional do PDT realiza, nesta quarta-feira, dia 15 de junho, em Fortaleza, o semin\u00e1rio \u201cO PDT sabe fazer\u201d. O objetivo do encontro, que nessa primeira edi\u00e7\u00e3o vai reunir lideran\u00e7as trabalhistas de todo o Nordeste, \u00e9 apresentar as experi\u00eancias bem sucedidas nas gest\u00f5es pedetistas e apontar os desafios e caminhos para o futuro do Brasil. O evento acontece a partir das 9h30min, no Hotel Mareiro, e ter\u00e1 transmiss\u00e3o pelas redes sociais do PDT. O semin\u00e1rio vai reunir o&hellip;<\/p>\n","protected":false},"author":1,"featured_media":25720,"comment_status":"open","ping_status":"open","sticky":false,"template":"","format":"standard","meta":{"footnotes":""},"categories":[1],"tags":[],"class_list":["post-25719","post","type-post","status-publish","format-standard","has-post-thumbnail","hentry","category-noticias"],"_links":{"self":[{"href":"https:\/\/blogdorogeriogomes.com.br\/noticias\/wp-json\/wp\/v2\/posts\/25719","targetHints":{"allow":["GET"]}}],"collection":[{"href":"https:\/\/blogdorogeriogomes.com.br\/noticias\/wp-json\/wp\/v2\/posts"}],"about":[{"href":"https:\/\/blogdorogeriogomes.com.br\/noticias\/wp-json\/wp\/v2\/types\/post"}],"author":[{"embeddable":true,"href":"https:\/\/blogdorogeriogomes.com.br\/noticias\/wp-json\/wp\/v2\/users\/1"}],"replies":[{"embeddable":true,"href":"https:\/\/blogdorogeriogomes.com.br\/noticias\/wp-json\/wp\/v2\/comments?post=25719"}],"version-history":[{"count":1,"href":"https:\/\/blogdorogeriogomes.com.br\/noticias\/wp-json\/wp\/v2\/posts\/25719\/revisions"}],"predecessor-version":[{"id":25721,"href":"https:\/\/blogdorogeriogomes.com.br\/noticias\/wp-json\/wp\/v2\/posts\/25719\/revisions\/25721"}],"wp:featuredmedia":[{"embeddable":true,"href":"https:\/\/blogdorogeriogomes.com.br\/noticias\/wp-json\/wp\/v2\/media\/25720"}],"wp:attachment":[{"href":"https:\/\/blogdorogeriogomes.com.br\/noticias\/wp-json\/wp\/v2\/media?parent=25719"}],"wp:term":[{"taxonomy":"category","embeddable":true,"href":"https:\/\/blogdorogeriogomes.com.br\/noticias\/wp-json\/wp\/v2\/categories?post=25719"},{"taxonomy":"post_tag","embeddable":true,"href":"https:\/\/blogdorogeriogomes.com.br\/noticias\/wp-json\/wp\/v2\/tags?post=25719"}],"curies":[{"name":"wp","href":"https:\/\/api.w.org\/{rel}","templated":true}]}}