{"id":25722,"date":"2022-06-13T22:55:30","date_gmt":"2022-06-13T22:55:30","guid":{"rendered":"https:\/\/blogdorogeriogomes.com.br\/?p=25722"},"modified":"2022-06-14T14:50:10","modified_gmt":"2022-06-14T14:50:10","slug":"camilo-santana-vai-as-redes-sociais-para-denunciar-campanha-de-fake-news-e-chama-adversarios-politicos-de-covardes","status":"publish","type":"post","link":"https:\/\/blogdorogeriogomes.com.br\/noticias\/2022\/06\/camilo-santana-vai-as-redes-sociais-para-denunciar-campanha-de-fake-news-e-chama-adversarios-politicos-de-covardes\/","title":{"rendered":"Camilo Santana vai \u00e0s redes sociais para denunciar campanha de &#8220;fake news&#8221; e chama advers\u00e1rios pol\u00edticos de &#8220;covardes&#8221;"},"content":{"rendered":"\n<p>O ex-governador do Cear\u00e1, Camilo Santana (PT), que est\u00e1 em pr\u00e9-campanha para uma vaga no Senado Federal, foi \u00e0s redes sociais nesta segunda-feira, dia 13 de junho, para denunciar uma campanha de &#8220;fake news&#8221; que, segundo ele, parte de advers\u00e1rios pol\u00edticos. Ele&nbsp;divulgou&nbsp;uma montagem&nbsp;em que aparece ao lado da atual governadora Izolda Cela (PDT) com as manchetes&nbsp;em que \u00e9 acusado de envolvimento em esquema milion\u00e1rio por repassar mais de R$ 80 milh\u00f5es dos cofres p\u00fablicos ao crime organizado. As informa\u00e7\u00f5es s\u00e3o falsas.<\/p>\n\n\n\n<p>Camilo Santana disparou contra os advers\u00e1rios pol\u00edticos ao afirmar que os mesmos utilizam &#8220;m\u00e9todo sujo e que fazem montagens de ve\u00edculos s\u00e9rios para parecer verdade. S\u00e3o os mesmos que vivem de mentiras e motins para espalhar o caos e o medo. Covardes&#8221;, ressaltou o ex-governador.<\/p>\n\n\n\n<figure class=\"wp-block-image size-full\"><img loading=\"lazy\" decoding=\"async\" width=\"678\" height=\"452\" src=\"https:\/\/blogdorogeriogomes.com.br\/wp-content\/uploads\/2022\/06\/images-2022-06-13T194717.569.jpeg\" alt=\"\" class=\"wp-image-25723\" srcset=\"https:\/\/blogdorogeriogomes.com.br\/noticias\/wp-content\/uploads\/2022\/06\/images-2022-06-13T194717.569.jpeg 678w, https:\/\/blogdorogeriogomes.com.br\/noticias\/wp-content\/uploads\/2022\/06\/images-2022-06-13T194717.569-300x200.jpeg 300w\" sizes=\"auto, (max-width: 678px) 100vw, 678px\" \/><\/figure>\n","protected":false},"excerpt":{"rendered":"<p>O ex-governador do Cear\u00e1, Camilo Santana (PT), que est\u00e1 em pr\u00e9-campanha para uma vaga no Senado Federal, foi \u00e0s redes sociais nesta segunda-feira, dia 13 de junho, para denunciar uma campanha de &#8220;fake news&#8221; que, segundo ele, parte de advers\u00e1rios pol\u00edticos. Ele&nbsp;divulgou&nbsp;uma montagem&nbsp;em que aparece ao lado da atual governadora Izolda Cela (PDT) com as manchetes&nbsp;em que \u00e9 acusado de envolvimento em esquema milion\u00e1rio por repassar mais de R$ 80 milh\u00f5es dos cofres p\u00fablicos ao crime organizado. As informa\u00e7\u00f5es&hellip;<\/p>\n","protected":false},"author":1,"featured_media":25723,"comment_status":"open","ping_status":"open","sticky":false,"template":"","format":"standard","meta":{"footnotes":""},"categories":[1],"tags":[],"class_list":["post-25722","post","type-post","status-publish","format-standard","has-post-thumbnail","hentry","category-noticias"],"_links":{"self":[{"href":"https:\/\/blogdorogeriogomes.com.br\/noticias\/wp-json\/wp\/v2\/posts\/25722","targetHints":{"allow":["GET"]}}],"collection":[{"href":"https:\/\/blogdorogeriogomes.com.br\/noticias\/wp-json\/wp\/v2\/posts"}],"about":[{"href":"https:\/\/blogdorogeriogomes.com.br\/noticias\/wp-json\/wp\/v2\/types\/post"}],"author":[{"embeddable":true,"href":"https:\/\/blogdorogeriogomes.com.br\/noticias\/wp-json\/wp\/v2\/users\/1"}],"replies":[{"embeddable":true,"href":"https:\/\/blogdorogeriogomes.com.br\/noticias\/wp-json\/wp\/v2\/comments?post=25722"}],"version-history":[{"count":2,"href":"https:\/\/blogdorogeriogomes.com.br\/noticias\/wp-json\/wp\/v2\/posts\/25722\/revisions"}],"predecessor-version":[{"id":25736,"href":"https:\/\/blogdorogeriogomes.com.br\/noticias\/wp-json\/wp\/v2\/posts\/25722\/revisions\/25736"}],"wp:featuredmedia":[{"embeddable":true,"href":"https:\/\/blogdorogeriogomes.com.br\/noticias\/wp-json\/wp\/v2\/media\/25723"}],"wp:attachment":[{"href":"https:\/\/blogdorogeriogomes.com.br\/noticias\/wp-json\/wp\/v2\/media?parent=25722"}],"wp:term":[{"taxonomy":"category","embeddable":true,"href":"https:\/\/blogdorogeriogomes.com.br\/noticias\/wp-json\/wp\/v2\/categories?post=25722"},{"taxonomy":"post_tag","embeddable":true,"href":"https:\/\/blogdorogeriogomes.com.br\/noticias\/wp-json\/wp\/v2\/tags?post=25722"}],"curies":[{"name":"wp","href":"https:\/\/api.w.org\/{rel}","templated":true}]}}