{"id":25725,"date":"2022-06-14T09:47:33","date_gmt":"2022-06-14T09:47:33","guid":{"rendered":"https:\/\/blogdorogeriogomes.com.br\/?p=25725"},"modified":"2022-06-14T14:50:00","modified_gmt":"2022-06-14T14:50:00","slug":"senado-aprova-projeto-que-limita-icms-sobre-combustiveis-conta-de-luz-comunicacoes-e-transportes-proposta-volta-agora-para-a-camara","status":"publish","type":"post","link":"https:\/\/blogdorogeriogomes.com.br\/noticias\/2022\/06\/senado-aprova-projeto-que-limita-icms-sobre-combustiveis-conta-de-luz-comunicacoes-e-transportes-proposta-volta-agora-para-a-camara\/","title":{"rendered":"Senado aprova projeto que limita ICMS sobre combust\u00edveis, conta de luz, comunica\u00e7\u00f5es e transportes. Proposta volta agora para a C\u00e2mara"},"content":{"rendered":"\n<p>O&nbsp;Senado aprovou nesta segunda-feira, dia 13 de junho, o projeto que&nbsp;limita as al\u00edquotas do Imposto sobre Circula\u00e7\u00e3o de Mercadorias e Servi\u00e7os (ICMS, um tributo estadual) incidentes sobre combust\u00edveis, g\u00e1s natural, energia el\u00e9trica, comunica\u00e7\u00f5es e transporte coletivo. O texto-base da proposta foi aprovado por 65 votos a 12. Entre os tr\u00eas senadores cearenses, apenas Luis Eduardo Gir\u00e3o (Podemos) se posicionou a favor do projeto. Cid Gomes (PDT) e Tasso Jereissati (PSDB), n\u00e3o participaram da vota\u00e7\u00e3o.<\/p>\n\n\n\n<p>A proposta tem origem na C\u00e2mara dos Deputados, onde foi aprovada no m\u00eas passado, com o objetivo de reduzir os pre\u00e7os, principalmente, dos combust\u00edveis e da conta de luz em ano eleitoral. Os sucessivos reajustes nesses itens contribuem para o&nbsp;aumento da infla\u00e7\u00e3o, o que afeta negativamente a popularidade do Governo Bolsonaro.<\/p>\n\n\n\n<p>Governadores e secret\u00e1rios estaduais de Fazenda afirmam que a redu\u00e7\u00e3o nos percentuais resultar\u00e1 em uma perda de arrecada\u00e7\u00e3o de at\u00e9 R$ 83 bilh\u00f5es de reais, com potencial de comprometer pol\u00edticas e servi\u00e7os p\u00fablicos em \u00e1reas como sa\u00fade e de educa\u00e7\u00e3o.<\/p>\n\n\n\n<figure class=\"wp-block-image size-full\"><img loading=\"lazy\" decoding=\"async\" width=\"600\" height=\"400\" src=\"https:\/\/blogdorogeriogomes.com.br\/wp-content\/uploads\/2022\/06\/images-2022-06-14T064647.600.jpeg\" alt=\"\" class=\"wp-image-25726\" srcset=\"https:\/\/blogdorogeriogomes.com.br\/noticias\/wp-content\/uploads\/2022\/06\/images-2022-06-14T064647.600.jpeg 600w, https:\/\/blogdorogeriogomes.com.br\/noticias\/wp-content\/uploads\/2022\/06\/images-2022-06-14T064647.600-300x200.jpeg 300w\" sizes=\"auto, (max-width: 600px) 100vw, 600px\" \/><\/figure>\n","protected":false},"excerpt":{"rendered":"<p>O&nbsp;Senado aprovou nesta segunda-feira, dia 13 de junho, o projeto que&nbsp;limita as al\u00edquotas do Imposto sobre Circula\u00e7\u00e3o de Mercadorias e Servi\u00e7os (ICMS, um tributo estadual) incidentes sobre combust\u00edveis, g\u00e1s natural, energia el\u00e9trica, comunica\u00e7\u00f5es e transporte coletivo. O texto-base da proposta foi aprovado por 65 votos a 12. Entre os tr\u00eas senadores cearenses, apenas Luis Eduardo Gir\u00e3o (Podemos) se posicionou a favor do projeto. Cid Gomes (PDT) e Tasso Jereissati (PSDB), n\u00e3o participaram da vota\u00e7\u00e3o. A proposta tem origem na&hellip;<\/p>\n","protected":false},"author":1,"featured_media":25726,"comment_status":"open","ping_status":"open","sticky":false,"template":"","format":"standard","meta":{"footnotes":""},"categories":[1],"tags":[],"class_list":["post-25725","post","type-post","status-publish","format-standard","has-post-thumbnail","hentry","category-noticias"],"_links":{"self":[{"href":"https:\/\/blogdorogeriogomes.com.br\/noticias\/wp-json\/wp\/v2\/posts\/25725","targetHints":{"allow":["GET"]}}],"collection":[{"href":"https:\/\/blogdorogeriogomes.com.br\/noticias\/wp-json\/wp\/v2\/posts"}],"about":[{"href":"https:\/\/blogdorogeriogomes.com.br\/noticias\/wp-json\/wp\/v2\/types\/post"}],"author":[{"embeddable":true,"href":"https:\/\/blogdorogeriogomes.com.br\/noticias\/wp-json\/wp\/v2\/users\/1"}],"replies":[{"embeddable":true,"href":"https:\/\/blogdorogeriogomes.com.br\/noticias\/wp-json\/wp\/v2\/comments?post=25725"}],"version-history":[{"count":2,"href":"https:\/\/blogdorogeriogomes.com.br\/noticias\/wp-json\/wp\/v2\/posts\/25725\/revisions"}],"predecessor-version":[{"id":25735,"href":"https:\/\/blogdorogeriogomes.com.br\/noticias\/wp-json\/wp\/v2\/posts\/25725\/revisions\/25735"}],"wp:featuredmedia":[{"embeddable":true,"href":"https:\/\/blogdorogeriogomes.com.br\/noticias\/wp-json\/wp\/v2\/media\/25726"}],"wp:attachment":[{"href":"https:\/\/blogdorogeriogomes.com.br\/noticias\/wp-json\/wp\/v2\/media?parent=25725"}],"wp:term":[{"taxonomy":"category","embeddable":true,"href":"https:\/\/blogdorogeriogomes.com.br\/noticias\/wp-json\/wp\/v2\/categories?post=25725"},{"taxonomy":"post_tag","embeddable":true,"href":"https:\/\/blogdorogeriogomes.com.br\/noticias\/wp-json\/wp\/v2\/tags?post=25725"}],"curies":[{"name":"wp","href":"https:\/\/api.w.org\/{rel}","templated":true}]}}