{"id":25728,"date":"2022-06-14T10:07:11","date_gmt":"2022-06-14T10:07:11","guid":{"rendered":"https:\/\/blogdorogeriogomes.com.br\/?p=25728"},"modified":"2022-06-14T14:49:45","modified_gmt":"2022-06-14T14:49:45","slug":"servidores-da-funai-anunciam-greve-por-descaso-do-governo-bolsonaro-nas-buscas-pelo-jornalista-dom-phillips-e-pelo-indigenista-bruno-pereira","status":"publish","type":"post","link":"https:\/\/blogdorogeriogomes.com.br\/noticias\/2022\/06\/servidores-da-funai-anunciam-greve-por-descaso-do-governo-bolsonaro-nas-buscas-pelo-jornalista-dom-phillips-e-pelo-indigenista-bruno-pereira\/","title":{"rendered":"Servidores da Funai anunciam greve por descaso do Governo Bolsonaro nas buscas pelo jornalista Dom Phillips e pelo indigenista Bruno Pereira"},"content":{"rendered":"\n<p>Servidores da Funda\u00e7\u00e3o Nacional do \u00cdndio (Funai) anunciaram uma greve de 24 horas prevista para acontecer a partir desta ter\u00e7a-feira, dia 14 de junho, por causa de algumas medidas n\u00e3o implementadas pelo governo Jair Bolsonaro para encontrar o jornalista ingl\u00eas Dom Phillips e o indigenista da Funai Bruno Pereira,&nbsp;desaparecidos no \u00faltimo dia 5 na Amaz\u00f4nia.&nbsp;<\/p>\n\n\n\n<p>Um documento produzido pelo Instituto de Estudos Socioecon\u00f4micos (Inesc), em conjunto com a associa\u00e7\u00e3o Indigenistas Associados (Ina), que representa servidores do \u00f3rg\u00e3o, denuncia que o governo Bolsonaro transformou a Funai em uma funda\u00e7\u00e3o que atua contra os direitos dos ind\u00edgenas.<\/p>\n\n\n\n<p>O dossi\u00ea aponta uma militariza\u00e7\u00e3o sem precedentes da Funai. Das 39 Coordena\u00e7\u00f5es Regionais do \u00f3rg\u00e3o, apenas duas s\u00e3o chefiadas por servidores civis \u2013 outras 24 s\u00e3o coordenadas por oficiais das For\u00e7as Armadas e policiais militares ou federais.<\/p>\n\n\n\n<p>Os conflitos provocados por invas\u00e3o em \u00e1reas ind\u00edgenas e o aumento no desmatamento da Amaz\u00f4nia tamb\u00e9m tem rela\u00e7\u00e3o com o desmantelamento dos \u00f3rg\u00e3os de fiscaliza\u00e7\u00e3o pelo Governo Bolsonaro, como \u00e9 o caso do pr\u00f3prio Ibama que vem sendo esvaziado no seu poder de atua\u00e7\u00e3o.<\/p>\n\n\n\n<figure class=\"wp-block-image size-full\"><img loading=\"lazy\" decoding=\"async\" width=\"677\" height=\"453\" src=\"https:\/\/blogdorogeriogomes.com.br\/wp-content\/uploads\/2022\/06\/images-2022-06-14T070400.318.jpeg\" alt=\"\" class=\"wp-image-25729\" srcset=\"https:\/\/blogdorogeriogomes.com.br\/noticias\/wp-content\/uploads\/2022\/06\/images-2022-06-14T070400.318.jpeg 677w, https:\/\/blogdorogeriogomes.com.br\/noticias\/wp-content\/uploads\/2022\/06\/images-2022-06-14T070400.318-300x201.jpeg 300w\" sizes=\"auto, (max-width: 677px) 100vw, 677px\" \/><\/figure>\n","protected":false},"excerpt":{"rendered":"<p>Servidores da Funda\u00e7\u00e3o Nacional do \u00cdndio (Funai) anunciaram uma greve de 24 horas prevista para acontecer a partir desta ter\u00e7a-feira, dia 14 de junho, por causa de algumas medidas n\u00e3o implementadas pelo governo Jair Bolsonaro para encontrar o jornalista ingl\u00eas Dom Phillips e o indigenista da Funai Bruno Pereira,&nbsp;desaparecidos no \u00faltimo dia 5 na Amaz\u00f4nia.&nbsp; Um documento produzido pelo Instituto de Estudos Socioecon\u00f4micos (Inesc), em conjunto com a associa\u00e7\u00e3o Indigenistas Associados (Ina), que representa servidores do \u00f3rg\u00e3o, denuncia que&hellip;<\/p>\n","protected":false},"author":1,"featured_media":25729,"comment_status":"open","ping_status":"open","sticky":false,"template":"","format":"standard","meta":{"footnotes":""},"categories":[1],"tags":[],"class_list":["post-25728","post","type-post","status-publish","format-standard","has-post-thumbnail","hentry","category-noticias"],"_links":{"self":[{"href":"https:\/\/blogdorogeriogomes.com.br\/noticias\/wp-json\/wp\/v2\/posts\/25728","targetHints":{"allow":["GET"]}}],"collection":[{"href":"https:\/\/blogdorogeriogomes.com.br\/noticias\/wp-json\/wp\/v2\/posts"}],"about":[{"href":"https:\/\/blogdorogeriogomes.com.br\/noticias\/wp-json\/wp\/v2\/types\/post"}],"author":[{"embeddable":true,"href":"https:\/\/blogdorogeriogomes.com.br\/noticias\/wp-json\/wp\/v2\/users\/1"}],"replies":[{"embeddable":true,"href":"https:\/\/blogdorogeriogomes.com.br\/noticias\/wp-json\/wp\/v2\/comments?post=25728"}],"version-history":[{"count":2,"href":"https:\/\/blogdorogeriogomes.com.br\/noticias\/wp-json\/wp\/v2\/posts\/25728\/revisions"}],"predecessor-version":[{"id":25734,"href":"https:\/\/blogdorogeriogomes.com.br\/noticias\/wp-json\/wp\/v2\/posts\/25728\/revisions\/25734"}],"wp:featuredmedia":[{"embeddable":true,"href":"https:\/\/blogdorogeriogomes.com.br\/noticias\/wp-json\/wp\/v2\/media\/25729"}],"wp:attachment":[{"href":"https:\/\/blogdorogeriogomes.com.br\/noticias\/wp-json\/wp\/v2\/media?parent=25728"}],"wp:term":[{"taxonomy":"category","embeddable":true,"href":"https:\/\/blogdorogeriogomes.com.br\/noticias\/wp-json\/wp\/v2\/categories?post=25728"},{"taxonomy":"post_tag","embeddable":true,"href":"https:\/\/blogdorogeriogomes.com.br\/noticias\/wp-json\/wp\/v2\/tags?post=25728"}],"curies":[{"name":"wp","href":"https:\/\/api.w.org\/{rel}","templated":true}]}}