{"id":25741,"date":"2022-06-14T23:25:51","date_gmt":"2022-06-14T23:25:51","guid":{"rendered":"https:\/\/blogdorogeriogomes.com.br\/?p=25741"},"modified":"2022-06-17T20:08:49","modified_gmt":"2022-06-17T20:08:49","slug":"prefeitura-de-fortaleza-realiza-selecao-para-733-novos-profissionais-de-saude","status":"publish","type":"post","link":"https:\/\/blogdorogeriogomes.com.br\/noticias\/2022\/06\/prefeitura-de-fortaleza-realiza-selecao-para-733-novos-profissionais-de-saude\/","title":{"rendered":"Prefeitura de Fortaleza realiza sele\u00e7\u00e3o para 733 novos profissionais de sa\u00fade"},"content":{"rendered":"\n<p>A Prefeitura de Fortaleza, por meio do Instituto Municipal de Desenvolvimento de Recursos Humanos (Imparh), abriu sele\u00e7\u00e3o p\u00fablica para contrata\u00e7\u00e3o de profissionais de n\u00edvel m\u00e9dio, fundamental e superior na \u00e1rea da sa\u00fade. No total, s\u00e3o ofertadas 733 vagas, sendo 38 para candidatos com defici\u00eancia. As inscri\u00e7\u00f5es ser\u00e3o feitas, exclusivamente, pela internet, at\u00e9 o dia 3 de julho, no Canal de Concursos e Sele\u00e7\u00f5es da Prefeitura.<\/p>\n\n\n\n<p>A sele\u00e7\u00e3o p\u00fablica tem por objetivo o recrutamento de profissionais para atua\u00e7\u00e3o na Rede Municipal da Sa\u00fade de Fortaleza. Os interessados em participar da sele\u00e7\u00e3o devem possuir diploma ou certificado de curso de n\u00edvel t\u00e9cnico ou superior nas \u00e1reas especificadas.<\/p>\n\n\n\n<p>O processo seletivo ser\u00e1 realizado em uma \u00fanica etapa e constar\u00e1 da aplica\u00e7\u00e3o de prova objetiva, de car\u00e1ter eliminat\u00f3rio e classificat\u00f3rio. A data prevista para aplica\u00e7\u00e3o da prova objetiva \u00e9 17 de julho.<\/p>\n\n\n\n<figure class=\"wp-block-image size-full\"><img loading=\"lazy\" decoding=\"async\" width=\"984\" height=\"656\" src=\"https:\/\/blogdorogeriogomes.com.br\/wp-content\/uploads\/2022\/06\/whatsapp-image-2021-08-24-at-15.17.37.jpeg\" alt=\"\" class=\"wp-image-25742\" srcset=\"https:\/\/blogdorogeriogomes.com.br\/noticias\/wp-content\/uploads\/2022\/06\/whatsapp-image-2021-08-24-at-15.17.37.jpeg 984w, https:\/\/blogdorogeriogomes.com.br\/noticias\/wp-content\/uploads\/2022\/06\/whatsapp-image-2021-08-24-at-15.17.37-300x200.jpeg 300w, https:\/\/blogdorogeriogomes.com.br\/noticias\/wp-content\/uploads\/2022\/06\/whatsapp-image-2021-08-24-at-15.17.37-768x512.jpeg 768w, https:\/\/blogdorogeriogomes.com.br\/noticias\/wp-content\/uploads\/2022\/06\/whatsapp-image-2021-08-24-at-15.17.37-800x533.jpeg 800w\" sizes=\"auto, (max-width: 984px) 100vw, 984px\" \/><\/figure>\n","protected":false},"excerpt":{"rendered":"<p>A Prefeitura de Fortaleza, por meio do Instituto Municipal de Desenvolvimento de Recursos Humanos (Imparh), abriu sele\u00e7\u00e3o p\u00fablica para contrata\u00e7\u00e3o de profissionais de n\u00edvel m\u00e9dio, fundamental e superior na \u00e1rea da sa\u00fade. No total, s\u00e3o ofertadas 733 vagas, sendo 38 para candidatos com defici\u00eancia. As inscri\u00e7\u00f5es ser\u00e3o feitas, exclusivamente, pela internet, at\u00e9 o dia 3 de julho, no Canal de Concursos e Sele\u00e7\u00f5es da Prefeitura. A sele\u00e7\u00e3o p\u00fablica tem por objetivo o recrutamento de profissionais para atua\u00e7\u00e3o na Rede&hellip;<\/p>\n","protected":false},"author":1,"featured_media":25742,"comment_status":"open","ping_status":"open","sticky":false,"template":"","format":"standard","meta":{"footnotes":""},"categories":[1],"tags":[],"class_list":["post-25741","post","type-post","status-publish","format-standard","has-post-thumbnail","hentry","category-noticias"],"_links":{"self":[{"href":"https:\/\/blogdorogeriogomes.com.br\/noticias\/wp-json\/wp\/v2\/posts\/25741","targetHints":{"allow":["GET"]}}],"collection":[{"href":"https:\/\/blogdorogeriogomes.com.br\/noticias\/wp-json\/wp\/v2\/posts"}],"about":[{"href":"https:\/\/blogdorogeriogomes.com.br\/noticias\/wp-json\/wp\/v2\/types\/post"}],"author":[{"embeddable":true,"href":"https:\/\/blogdorogeriogomes.com.br\/noticias\/wp-json\/wp\/v2\/users\/1"}],"replies":[{"embeddable":true,"href":"https:\/\/blogdorogeriogomes.com.br\/noticias\/wp-json\/wp\/v2\/comments?post=25741"}],"version-history":[{"count":1,"href":"https:\/\/blogdorogeriogomes.com.br\/noticias\/wp-json\/wp\/v2\/posts\/25741\/revisions"}],"predecessor-version":[{"id":25743,"href":"https:\/\/blogdorogeriogomes.com.br\/noticias\/wp-json\/wp\/v2\/posts\/25741\/revisions\/25743"}],"wp:featuredmedia":[{"embeddable":true,"href":"https:\/\/blogdorogeriogomes.com.br\/noticias\/wp-json\/wp\/v2\/media\/25742"}],"wp:attachment":[{"href":"https:\/\/blogdorogeriogomes.com.br\/noticias\/wp-json\/wp\/v2\/media?parent=25741"}],"wp:term":[{"taxonomy":"category","embeddable":true,"href":"https:\/\/blogdorogeriogomes.com.br\/noticias\/wp-json\/wp\/v2\/categories?post=25741"},{"taxonomy":"post_tag","embeddable":true,"href":"https:\/\/blogdorogeriogomes.com.br\/noticias\/wp-json\/wp\/v2\/tags?post=25741"}],"curies":[{"name":"wp","href":"https:\/\/api.w.org\/{rel}","templated":true}]}}