{"id":25744,"date":"2022-06-15T11:04:55","date_gmt":"2022-06-15T11:04:55","guid":{"rendered":"https:\/\/blogdorogeriogomes.com.br\/?p=25744"},"modified":"2022-06-17T20:08:41","modified_gmt":"2022-06-17T20:08:41","slug":"conselho-estadual-de-saude-do-ceara-aprova-uso-medicinal-da-maconha-projeto-tem-de-passar-pelo-executivo-e-legislativo-estaduais","status":"publish","type":"post","link":"https:\/\/blogdorogeriogomes.com.br\/noticias\/2022\/06\/conselho-estadual-de-saude-do-ceara-aprova-uso-medicinal-da-maconha-projeto-tem-de-passar-pelo-executivo-e-legislativo-estaduais\/","title":{"rendered":"Conselho Estadual de Sa\u00fade do Cear\u00e1 aprova uso medicinal da maconha. Projeto tem de passar pelo Executivo e Legislativo estaduais"},"content":{"rendered":"\n<p>Um projeto de lei que sugere o uso medicinal de maconha foi aprovado, nesta ter\u00e7a-feira, dia 14 de junho, pelo Conselho de Estadual de Sa\u00fade do Cear\u00e1 (Cesau). A entidade realizou uma reuni\u00e3o ordin\u00e1ria com representantes do movimento can\u00e1bico no estado.<\/p>\n\n\n\n<p>&#8220;Esse projeto, caso criado, \u00e9 de extrema relev\u00e2ncia para a sa\u00fade do estado, porque vai permitir a distribui\u00e7\u00e3o \u00e0 base de cannabis para o SUS, a pesquisa e a capacita\u00e7\u00e3o de profissionais&#8221;, explicou Hugo Victor, conselheiro estadual de sa\u00fade do Cear\u00e1.<\/p>\n\n\n\n<p>O&nbsp;projeto segue para o Governo do Estado, que vai avaliar se envia, ou n\u00e3o, para aprecia\u00e7\u00e3o da Assembleia Legislativa. O objetivo \u00e9 criar uma pol\u00edtica p\u00fablica de cannabis medicinal no Cear\u00e1.<\/p>\n\n\n\n<figure class=\"wp-block-image size-full\"><img loading=\"lazy\" decoding=\"async\" width=\"984\" height=\"554\" src=\"https:\/\/blogdorogeriogomes.com.br\/wp-content\/uploads\/2022\/06\/maconha3.jpg\" alt=\"\" class=\"wp-image-25745\" srcset=\"https:\/\/blogdorogeriogomes.com.br\/noticias\/wp-content\/uploads\/2022\/06\/maconha3.jpg 984w, https:\/\/blogdorogeriogomes.com.br\/noticias\/wp-content\/uploads\/2022\/06\/maconha3-300x169.jpg 300w, https:\/\/blogdorogeriogomes.com.br\/noticias\/wp-content\/uploads\/2022\/06\/maconha3-768x432.jpg 768w, https:\/\/blogdorogeriogomes.com.br\/noticias\/wp-content\/uploads\/2022\/06\/maconha3-800x450.jpg 800w\" sizes=\"auto, (max-width: 984px) 100vw, 984px\" \/><\/figure>\n","protected":false},"excerpt":{"rendered":"<p>Um projeto de lei que sugere o uso medicinal de maconha foi aprovado, nesta ter\u00e7a-feira, dia 14 de junho, pelo Conselho de Estadual de Sa\u00fade do Cear\u00e1 (Cesau). A entidade realizou uma reuni\u00e3o ordin\u00e1ria com representantes do movimento can\u00e1bico no estado. &#8220;Esse projeto, caso criado, \u00e9 de extrema relev\u00e2ncia para a sa\u00fade do estado, porque vai permitir a distribui\u00e7\u00e3o \u00e0 base de cannabis para o SUS, a pesquisa e a capacita\u00e7\u00e3o de profissionais&#8221;, explicou Hugo Victor, conselheiro estadual de&hellip;<\/p>\n","protected":false},"author":1,"featured_media":25745,"comment_status":"open","ping_status":"open","sticky":false,"template":"","format":"standard","meta":{"footnotes":""},"categories":[1],"tags":[],"class_list":["post-25744","post","type-post","status-publish","format-standard","has-post-thumbnail","hentry","category-noticias"],"_links":{"self":[{"href":"https:\/\/blogdorogeriogomes.com.br\/noticias\/wp-json\/wp\/v2\/posts\/25744","targetHints":{"allow":["GET"]}}],"collection":[{"href":"https:\/\/blogdorogeriogomes.com.br\/noticias\/wp-json\/wp\/v2\/posts"}],"about":[{"href":"https:\/\/blogdorogeriogomes.com.br\/noticias\/wp-json\/wp\/v2\/types\/post"}],"author":[{"embeddable":true,"href":"https:\/\/blogdorogeriogomes.com.br\/noticias\/wp-json\/wp\/v2\/users\/1"}],"replies":[{"embeddable":true,"href":"https:\/\/blogdorogeriogomes.com.br\/noticias\/wp-json\/wp\/v2\/comments?post=25744"}],"version-history":[{"count":2,"href":"https:\/\/blogdorogeriogomes.com.br\/noticias\/wp-json\/wp\/v2\/posts\/25744\/revisions"}],"predecessor-version":[{"id":25768,"href":"https:\/\/blogdorogeriogomes.com.br\/noticias\/wp-json\/wp\/v2\/posts\/25744\/revisions\/25768"}],"wp:featuredmedia":[{"embeddable":true,"href":"https:\/\/blogdorogeriogomes.com.br\/noticias\/wp-json\/wp\/v2\/media\/25745"}],"wp:attachment":[{"href":"https:\/\/blogdorogeriogomes.com.br\/noticias\/wp-json\/wp\/v2\/media?parent=25744"}],"wp:term":[{"taxonomy":"category","embeddable":true,"href":"https:\/\/blogdorogeriogomes.com.br\/noticias\/wp-json\/wp\/v2\/categories?post=25744"},{"taxonomy":"post_tag","embeddable":true,"href":"https:\/\/blogdorogeriogomes.com.br\/noticias\/wp-json\/wp\/v2\/tags?post=25744"}],"curies":[{"name":"wp","href":"https:\/\/api.w.org\/{rel}","templated":true}]}}