{"id":25747,"date":"2022-06-15T11:27:31","date_gmt":"2022-06-15T11:27:31","guid":{"rendered":"https:\/\/blogdorogeriogomes.com.br\/?p=25747"},"modified":"2022-06-17T20:08:26","modified_gmt":"2022-06-17T20:08:26","slug":"jair-bolsonaro-veta-o-retorno-do-despacho-gratuito-de-bagagem-nos-aeroportos","status":"publish","type":"post","link":"https:\/\/blogdorogeriogomes.com.br\/noticias\/2022\/06\/jair-bolsonaro-veta-o-retorno-do-despacho-gratuito-de-bagagem-nos-aeroportos\/","title":{"rendered":"Jair Bolsonaro veta o retorno do despacho gratuito de bagagem nos aeroportos"},"content":{"rendered":"\n<p>O presidente&nbsp;Jair Bolsonaro vetou nesta ter\u00e7a-feira, dia 14 de junho, a regra aprovada pelo Congresso Nacional que restabelecia o despacho gratuito de bagagens em voos comerciais que operam no Brasil. A informa\u00e7\u00e3o foi divulgada pela Secretaria-Geral da Presid\u00eancia e foi publicada na edi\u00e7\u00e3o do &#8220;Di\u00e1rio Oficial da Uni\u00e3o&#8221; desta quarta-feira, dia 15. Os parlamentares poder\u00e3o ainda derrubar o veto presidencial.<\/p>\n\n\n\n<p>A retomada do despacho gratuito foi inclu\u00edda por deputados em uma medida provis\u00f3ria que alterava outras regras de funcionamento do setor a\u00e9reo. A mudan\u00e7a foi aprovada tamb\u00e9m pelos senadores.&nbsp;<\/p>\n\n\n\n<p>A nova regra alteraria o C\u00f3digo de Defesa do Consumidor para incluir no rol das pr\u00e1ticas abusivas a cobran\u00e7a por parte das companhias a\u00e9reas por at\u00e9 um volume de bagagem em voos nacionais com peso inferior a 23 quilos, e em voos internacionais, com peso inferior a 30 quilos.<\/p>\n\n\n\n<figure class=\"wp-block-image size-full\"><img loading=\"lazy\" decoding=\"async\" width=\"678\" height=\"452\" src=\"https:\/\/blogdorogeriogomes.com.br\/wp-content\/uploads\/2022\/06\/images-2022-06-15T082039.027.jpeg\" alt=\"\" class=\"wp-image-25748\" srcset=\"https:\/\/blogdorogeriogomes.com.br\/noticias\/wp-content\/uploads\/2022\/06\/images-2022-06-15T082039.027.jpeg 678w, https:\/\/blogdorogeriogomes.com.br\/noticias\/wp-content\/uploads\/2022\/06\/images-2022-06-15T082039.027-300x200.jpeg 300w\" sizes=\"auto, (max-width: 678px) 100vw, 678px\" \/><\/figure>\n","protected":false},"excerpt":{"rendered":"<p>O presidente&nbsp;Jair Bolsonaro vetou nesta ter\u00e7a-feira, dia 14 de junho, a regra aprovada pelo Congresso Nacional que restabelecia o despacho gratuito de bagagens em voos comerciais que operam no Brasil. A informa\u00e7\u00e3o foi divulgada pela Secretaria-Geral da Presid\u00eancia e foi publicada na edi\u00e7\u00e3o do &#8220;Di\u00e1rio Oficial da Uni\u00e3o&#8221; desta quarta-feira, dia 15. Os parlamentares poder\u00e3o ainda derrubar o veto presidencial. A retomada do despacho gratuito foi inclu\u00edda por deputados em uma medida provis\u00f3ria que alterava outras regras de funcionamento&hellip;<\/p>\n","protected":false},"author":1,"featured_media":25748,"comment_status":"open","ping_status":"open","sticky":false,"template":"","format":"standard","meta":{"footnotes":""},"categories":[1],"tags":[],"class_list":["post-25747","post","type-post","status-publish","format-standard","has-post-thumbnail","hentry","category-noticias"],"_links":{"self":[{"href":"https:\/\/blogdorogeriogomes.com.br\/noticias\/wp-json\/wp\/v2\/posts\/25747","targetHints":{"allow":["GET"]}}],"collection":[{"href":"https:\/\/blogdorogeriogomes.com.br\/noticias\/wp-json\/wp\/v2\/posts"}],"about":[{"href":"https:\/\/blogdorogeriogomes.com.br\/noticias\/wp-json\/wp\/v2\/types\/post"}],"author":[{"embeddable":true,"href":"https:\/\/blogdorogeriogomes.com.br\/noticias\/wp-json\/wp\/v2\/users\/1"}],"replies":[{"embeddable":true,"href":"https:\/\/blogdorogeriogomes.com.br\/noticias\/wp-json\/wp\/v2\/comments?post=25747"}],"version-history":[{"count":2,"href":"https:\/\/blogdorogeriogomes.com.br\/noticias\/wp-json\/wp\/v2\/posts\/25747\/revisions"}],"predecessor-version":[{"id":25767,"href":"https:\/\/blogdorogeriogomes.com.br\/noticias\/wp-json\/wp\/v2\/posts\/25747\/revisions\/25767"}],"wp:featuredmedia":[{"embeddable":true,"href":"https:\/\/blogdorogeriogomes.com.br\/noticias\/wp-json\/wp\/v2\/media\/25748"}],"wp:attachment":[{"href":"https:\/\/blogdorogeriogomes.com.br\/noticias\/wp-json\/wp\/v2\/media?parent=25747"}],"wp:term":[{"taxonomy":"category","embeddable":true,"href":"https:\/\/blogdorogeriogomes.com.br\/noticias\/wp-json\/wp\/v2\/categories?post=25747"},{"taxonomy":"post_tag","embeddable":true,"href":"https:\/\/blogdorogeriogomes.com.br\/noticias\/wp-json\/wp\/v2\/tags?post=25747"}],"curies":[{"name":"wp","href":"https:\/\/api.w.org\/{rel}","templated":true}]}}