{"id":25750,"date":"2022-06-15T21:27:26","date_gmt":"2022-06-15T21:27:26","guid":{"rendered":"https:\/\/blogdorogeriogomes.com.br\/?p=25750"},"modified":"2022-06-17T20:08:08","modified_gmt":"2022-06-17T20:08:08","slug":"concursados-da-assembleia-legislativa-serao-nomeados-no-proximo-dia-30","status":"publish","type":"post","link":"https:\/\/blogdorogeriogomes.com.br\/noticias\/2022\/06\/concursados-da-assembleia-legislativa-serao-nomeados-no-proximo-dia-30\/","title":{"rendered":"Concursados da Assembleia Legislativa ser\u00e3o nomeados no pr\u00f3ximo dia 30"},"content":{"rendered":"\n<p>O presidente da Assembleia Legislativa, Evandro Leit\u00e3o (PDT), anunciou que os aprovados no concurso p\u00fablico da Casa ser\u00e3o nomeados no pr\u00f3ximo dia 30 de junho. Segundo ele, a partir de segunda-feira, dia 20, o Departamento de Gest\u00e3o de Pessoas da Assembleia Legislativa entrar\u00e1 em contato com os aprovados para informar a documenta\u00e7\u00e3o e os exames necess\u00e1rios.<\/p>\n\n\n\n<p>Com 100 vagas, sendo 70 para n\u00edvel superior e 30 para o cargo de t\u00e9cnico legislativo (n\u00edvel m\u00e9dio), o concurso da AL teve 30.601 inscritos. Entre as \u00e1reas dispon\u00edveis para o n\u00edvel superior est\u00e3o administra\u00e7\u00e3o, arquitetura e urbanismo, biblioteconomia, ci\u00eancias cont\u00e1beis e econ\u00f4micas, consultoria t\u00e9cnica legislativa, controle interno, design gr\u00e1fico, direito, engenharia civil e el\u00e9trica, inform\u00e1tica, jornalismo, l\u00edngua portuguesa, psicologia, publicidade e propaganda e o cargo de t\u00e9cnico legislativo.<\/p>\n\n\n\n<figure class=\"wp-block-image size-large\"><img loading=\"lazy\" decoding=\"async\" width=\"1024\" height=\"682\" src=\"https:\/\/blogdorogeriogomes.com.br\/wp-content\/uploads\/2022\/06\/IMG-20220615-WA0054-1024x682.jpg\" alt=\"\" class=\"wp-image-25751\" srcset=\"https:\/\/blogdorogeriogomes.com.br\/noticias\/wp-content\/uploads\/2022\/06\/IMG-20220615-WA0054-1024x682.jpg 1024w, https:\/\/blogdorogeriogomes.com.br\/noticias\/wp-content\/uploads\/2022\/06\/IMG-20220615-WA0054-300x200.jpg 300w, https:\/\/blogdorogeriogomes.com.br\/noticias\/wp-content\/uploads\/2022\/06\/IMG-20220615-WA0054-768x512.jpg 768w, https:\/\/blogdorogeriogomes.com.br\/noticias\/wp-content\/uploads\/2022\/06\/IMG-20220615-WA0054-800x533.jpg 800w, https:\/\/blogdorogeriogomes.com.br\/noticias\/wp-content\/uploads\/2022\/06\/IMG-20220615-WA0054.jpg 1280w\" sizes=\"auto, (max-width: 1024px) 100vw, 1024px\" \/><\/figure>\n","protected":false},"excerpt":{"rendered":"<p>O presidente da Assembleia Legislativa, Evandro Leit\u00e3o (PDT), anunciou que os aprovados no concurso p\u00fablico da Casa ser\u00e3o nomeados no pr\u00f3ximo dia 30 de junho. Segundo ele, a partir de segunda-feira, dia 20, o Departamento de Gest\u00e3o de Pessoas da Assembleia Legislativa entrar\u00e1 em contato com os aprovados para informar a documenta\u00e7\u00e3o e os exames necess\u00e1rios. Com 100 vagas, sendo 70 para n\u00edvel superior e 30 para o cargo de t\u00e9cnico legislativo (n\u00edvel m\u00e9dio), o concurso da AL teve&hellip;<\/p>\n","protected":false},"author":1,"featured_media":25751,"comment_status":"open","ping_status":"open","sticky":false,"template":"","format":"standard","meta":{"footnotes":""},"categories":[1],"tags":[],"class_list":["post-25750","post","type-post","status-publish","format-standard","has-post-thumbnail","hentry","category-noticias"],"_links":{"self":[{"href":"https:\/\/blogdorogeriogomes.com.br\/noticias\/wp-json\/wp\/v2\/posts\/25750","targetHints":{"allow":["GET"]}}],"collection":[{"href":"https:\/\/blogdorogeriogomes.com.br\/noticias\/wp-json\/wp\/v2\/posts"}],"about":[{"href":"https:\/\/blogdorogeriogomes.com.br\/noticias\/wp-json\/wp\/v2\/types\/post"}],"author":[{"embeddable":true,"href":"https:\/\/blogdorogeriogomes.com.br\/noticias\/wp-json\/wp\/v2\/users\/1"}],"replies":[{"embeddable":true,"href":"https:\/\/blogdorogeriogomes.com.br\/noticias\/wp-json\/wp\/v2\/comments?post=25750"}],"version-history":[{"count":1,"href":"https:\/\/blogdorogeriogomes.com.br\/noticias\/wp-json\/wp\/v2\/posts\/25750\/revisions"}],"predecessor-version":[{"id":25752,"href":"https:\/\/blogdorogeriogomes.com.br\/noticias\/wp-json\/wp\/v2\/posts\/25750\/revisions\/25752"}],"wp:featuredmedia":[{"embeddable":true,"href":"https:\/\/blogdorogeriogomes.com.br\/noticias\/wp-json\/wp\/v2\/media\/25751"}],"wp:attachment":[{"href":"https:\/\/blogdorogeriogomes.com.br\/noticias\/wp-json\/wp\/v2\/media?parent=25750"}],"wp:term":[{"taxonomy":"category","embeddable":true,"href":"https:\/\/blogdorogeriogomes.com.br\/noticias\/wp-json\/wp\/v2\/categories?post=25750"},{"taxonomy":"post_tag","embeddable":true,"href":"https:\/\/blogdorogeriogomes.com.br\/noticias\/wp-json\/wp\/v2\/tags?post=25750"}],"curies":[{"name":"wp","href":"https:\/\/api.w.org\/{rel}","templated":true}]}}