{"id":25753,"date":"2022-06-15T21:50:30","date_gmt":"2022-06-15T21:50:30","guid":{"rendered":"https:\/\/blogdorogeriogomes.com.br\/?p=25753"},"modified":"2022-06-17T20:08:00","modified_gmt":"2022-06-17T20:08:00","slug":"escolha-do-candidato-governista-no-ceara-deve-acontecer-no-inicio-do-mes-de-julho","status":"publish","type":"post","link":"https:\/\/blogdorogeriogomes.com.br\/noticias\/2022\/06\/escolha-do-candidato-governista-no-ceara-deve-acontecer-no-inicio-do-mes-de-julho\/","title":{"rendered":"Escolha do candidato governista no Cear\u00e1 deve acontecer no in\u00edcio do m\u00eas de julho"},"content":{"rendered":"\n<p>Pedetistas de todo o Nordeste se reuniram nesta quarta-feira, dia 15 de junho, no Hotel Mareiro, em Fortaleza. E uma das decis\u00f5es do encontro \u00e9 que a escolha do candidato governista no Cear\u00e1 deve ocorrer no in\u00edcio de julho, encerrando um embate que vem ocorrendo nos \u00faltimos meses pela m\u00eddia e pelas redes sociais entre integrantes do PDT e PT, que hoje s\u00e3o aliados na disputa. O nome deve sair entre os pedetistas Evandro Leit\u00e3o, Izolda Cela, Mauro Filho e Roberto Cl\u00e1udio, com maiores chances para a governadora Izolda Cela e o ex-prefeito de Fortaleza, Roberto Cl\u00e1udio.<\/p>\n\n\n\n<p>Presente ao encontro, o presidenciavel pelo PDT, Ciro Gomes, declarou que os candidatos do partido ao Governo devem ser submetidos a aprecia\u00e7\u00e3o popular. &nbsp;&#8220;Ali na primeira quinzena de julho, n\u00f3s vamos apurar a opini\u00e3o p\u00fablica e ver,&nbsp;com essa legitimidade de baixo para cima. Eu nunca tive voca\u00e7\u00e3o para empurrar ningu\u00e9m de cima para baixo. N\u00f3s vamos ver qual foi aquele, entre os mais qualificados que s\u00e3o esses quatro, melhor foi aceito pela popula\u00e7\u00e3o e esse ser\u00e1 indicado aos colegas aliados&#8221;, disse.<\/p>\n\n\n\n<p>Izolda Cela, Roberto Cl\u00e1udio, Evandro Leit\u00e3o e Mauro Filho t\u00eam viajado o Cear\u00e1 em busca de apoio. Os dois primeiros t\u00eam colhido defensores ferrenhos nas redes sociais. No pr\u00f3prio encontro do PDT, houve manifesta\u00e7\u00f5es de apoio claros aos nomes de Izolda e RC. <\/p>\n\n\n\n<p>Na reta final, vai pesar a melhor aceita\u00e7\u00e3o dos pr\u00e9-candidatos entre os partidos aliados, mas tamb\u00e9m a opini\u00e3o de lideran\u00e7as fortes como o ex-governador Camilo Santana (PT) e os irm\u00e3os Ferreira Gomes (PDT).<\/p>\n\n\n\n<figure class=\"wp-block-image size-large\"><img loading=\"lazy\" decoding=\"async\" width=\"1024\" height=\"768\" src=\"https:\/\/blogdorogeriogomes.com.br\/wp-content\/uploads\/2022\/06\/WhatsApp-Image-2022-06-15-at-13.00.57-1024x768.jpeg\" alt=\"\" class=\"wp-image-25754\" srcset=\"https:\/\/blogdorogeriogomes.com.br\/noticias\/wp-content\/uploads\/2022\/06\/WhatsApp-Image-2022-06-15-at-13.00.57-1024x768.jpeg 1024w, https:\/\/blogdorogeriogomes.com.br\/noticias\/wp-content\/uploads\/2022\/06\/WhatsApp-Image-2022-06-15-at-13.00.57-300x225.jpeg 300w, https:\/\/blogdorogeriogomes.com.br\/noticias\/wp-content\/uploads\/2022\/06\/WhatsApp-Image-2022-06-15-at-13.00.57-768x576.jpeg 768w, https:\/\/blogdorogeriogomes.com.br\/noticias\/wp-content\/uploads\/2022\/06\/WhatsApp-Image-2022-06-15-at-13.00.57-800x600.jpeg 800w, https:\/\/blogdorogeriogomes.com.br\/noticias\/wp-content\/uploads\/2022\/06\/WhatsApp-Image-2022-06-15-at-13.00.57-400x300.jpeg 400w, https:\/\/blogdorogeriogomes.com.br\/noticias\/wp-content\/uploads\/2022\/06\/WhatsApp-Image-2022-06-15-at-13.00.57.jpeg 1152w\" sizes=\"auto, (max-width: 1024px) 100vw, 1024px\" \/><\/figure>\n","protected":false},"excerpt":{"rendered":"<p>Pedetistas de todo o Nordeste se reuniram nesta quarta-feira, dia 15 de junho, no Hotel Mareiro, em Fortaleza. E uma das decis\u00f5es do encontro \u00e9 que a escolha do candidato governista no Cear\u00e1 deve ocorrer no in\u00edcio de julho, encerrando um embate que vem ocorrendo nos \u00faltimos meses pela m\u00eddia e pelas redes sociais entre integrantes do PDT e PT, que hoje s\u00e3o aliados na disputa. O nome deve sair entre os pedetistas Evandro Leit\u00e3o, Izolda Cela, Mauro Filho&hellip;<\/p>\n","protected":false},"author":1,"featured_media":25754,"comment_status":"open","ping_status":"open","sticky":false,"template":"","format":"standard","meta":{"footnotes":""},"categories":[1],"tags":[],"class_list":["post-25753","post","type-post","status-publish","format-standard","has-post-thumbnail","hentry","category-noticias"],"_links":{"self":[{"href":"https:\/\/blogdorogeriogomes.com.br\/noticias\/wp-json\/wp\/v2\/posts\/25753","targetHints":{"allow":["GET"]}}],"collection":[{"href":"https:\/\/blogdorogeriogomes.com.br\/noticias\/wp-json\/wp\/v2\/posts"}],"about":[{"href":"https:\/\/blogdorogeriogomes.com.br\/noticias\/wp-json\/wp\/v2\/types\/post"}],"author":[{"embeddable":true,"href":"https:\/\/blogdorogeriogomes.com.br\/noticias\/wp-json\/wp\/v2\/users\/1"}],"replies":[{"embeddable":true,"href":"https:\/\/blogdorogeriogomes.com.br\/noticias\/wp-json\/wp\/v2\/comments?post=25753"}],"version-history":[{"count":2,"href":"https:\/\/blogdorogeriogomes.com.br\/noticias\/wp-json\/wp\/v2\/posts\/25753\/revisions"}],"predecessor-version":[{"id":25766,"href":"https:\/\/blogdorogeriogomes.com.br\/noticias\/wp-json\/wp\/v2\/posts\/25753\/revisions\/25766"}],"wp:featuredmedia":[{"embeddable":true,"href":"https:\/\/blogdorogeriogomes.com.br\/noticias\/wp-json\/wp\/v2\/media\/25754"}],"wp:attachment":[{"href":"https:\/\/blogdorogeriogomes.com.br\/noticias\/wp-json\/wp\/v2\/media?parent=25753"}],"wp:term":[{"taxonomy":"category","embeddable":true,"href":"https:\/\/blogdorogeriogomes.com.br\/noticias\/wp-json\/wp\/v2\/categories?post=25753"},{"taxonomy":"post_tag","embeddable":true,"href":"https:\/\/blogdorogeriogomes.com.br\/noticias\/wp-json\/wp\/v2\/tags?post=25753"}],"curies":[{"name":"wp","href":"https:\/\/api.w.org\/{rel}","templated":true}]}}