{"id":25762,"date":"2022-06-17T14:45:35","date_gmt":"2022-06-17T14:45:35","guid":{"rendered":"https:\/\/blogdorogeriogomes.com.br\/?p=25762"},"modified":"2022-06-17T20:07:30","modified_gmt":"2022-06-17T20:07:30","slug":"petrobras-anuncia-mais-um-aumento-para-o-diesel-e-para-a-gasolina","status":"publish","type":"post","link":"https:\/\/blogdorogeriogomes.com.br\/noticias\/2022\/06\/petrobras-anuncia-mais-um-aumento-para-o-diesel-e-para-a-gasolina\/","title":{"rendered":"Petrobras anuncia mais um aumento para o diesel e para a gasolina"},"content":{"rendered":"\n<p>A&nbsp;Petrobras anunciou nesta sexta-feira, dia 17 de junho, novas altas nos pre\u00e7os da gasolina e do diesel vendidos \u00e0s distribuidoras, a partir de 18 de junho. O diesel n\u00e3o era reajustado desde 10 de maio, ou seja, h\u00e1 39 dias. J\u00e1 a \u00faltima alta no pre\u00e7o da gasolina havia sido em 11 de mar\u00e7o. H\u00e1 99 dias. Os pre\u00e7os do g\u00e1s de cozinha n\u00e3o ser\u00e3o alterados. O litro da gasolina teve um aumento de 5,18%. J\u00e1 para o diesel, a alta foi de 14,26%.<\/p>\n\n\n\n<p>O reajuste acontece no momento que o Governo Bolsonaro tenta baixar o ICMS nos combust\u00edveis, reduzindo a arrecada\u00e7\u00e3o de estados e munic\u00edpios.<\/p>\n\n\n\n<p>A pol\u00edtica de pre\u00e7os da Petrobras segue o mercado internacional. Quando o d\u00f3lar e o petr\u00f3leo sobem de pre\u00e7os, o aumento \u00e9 transferido para o consumidor. O Conselho de Administra\u00e7\u00e3o da Petrobras alega que os valores da gasolina e diesel j\u00e1 estavam defasados no Brasil e ainda havia amea\u00e7a de faltar diesel no segundo semestre. Da\u00ed, a necessidade do reajuste.<\/p>\n\n\n\n<p>Mais uma vez, n\u00e3o ser\u00e1 f\u00e1cil para o Governo Bolsonaro justificar isso para o consumidor.<\/p>\n\n\n\n<figure class=\"wp-block-image size-full\"><img loading=\"lazy\" decoding=\"async\" width=\"600\" height=\"400\" src=\"https:\/\/blogdorogeriogomes.com.br\/wp-content\/uploads\/2022\/06\/images-2022-06-17T112657.219.jpeg\" alt=\"\" class=\"wp-image-25763\" srcset=\"https:\/\/blogdorogeriogomes.com.br\/noticias\/wp-content\/uploads\/2022\/06\/images-2022-06-17T112657.219.jpeg 600w, https:\/\/blogdorogeriogomes.com.br\/noticias\/wp-content\/uploads\/2022\/06\/images-2022-06-17T112657.219-300x200.jpeg 300w\" sizes=\"auto, (max-width: 600px) 100vw, 600px\" \/><\/figure>\n","protected":false},"excerpt":{"rendered":"<p>A&nbsp;Petrobras anunciou nesta sexta-feira, dia 17 de junho, novas altas nos pre\u00e7os da gasolina e do diesel vendidos \u00e0s distribuidoras, a partir de 18 de junho. O diesel n\u00e3o era reajustado desde 10 de maio, ou seja, h\u00e1 39 dias. J\u00e1 a \u00faltima alta no pre\u00e7o da gasolina havia sido em 11 de mar\u00e7o. H\u00e1 99 dias. Os pre\u00e7os do g\u00e1s de cozinha n\u00e3o ser\u00e3o alterados. O litro da gasolina teve um aumento de 5,18%. J\u00e1 para o diesel,&hellip;<\/p>\n","protected":false},"author":1,"featured_media":25763,"comment_status":"open","ping_status":"open","sticky":false,"template":"","format":"standard","meta":{"footnotes":""},"categories":[1],"tags":[],"class_list":["post-25762","post","type-post","status-publish","format-standard","has-post-thumbnail","hentry","category-noticias"],"_links":{"self":[{"href":"https:\/\/blogdorogeriogomes.com.br\/noticias\/wp-json\/wp\/v2\/posts\/25762","targetHints":{"allow":["GET"]}}],"collection":[{"href":"https:\/\/blogdorogeriogomes.com.br\/noticias\/wp-json\/wp\/v2\/posts"}],"about":[{"href":"https:\/\/blogdorogeriogomes.com.br\/noticias\/wp-json\/wp\/v2\/types\/post"}],"author":[{"embeddable":true,"href":"https:\/\/blogdorogeriogomes.com.br\/noticias\/wp-json\/wp\/v2\/users\/1"}],"replies":[{"embeddable":true,"href":"https:\/\/blogdorogeriogomes.com.br\/noticias\/wp-json\/wp\/v2\/comments?post=25762"}],"version-history":[{"count":2,"href":"https:\/\/blogdorogeriogomes.com.br\/noticias\/wp-json\/wp\/v2\/posts\/25762\/revisions"}],"predecessor-version":[{"id":25765,"href":"https:\/\/blogdorogeriogomes.com.br\/noticias\/wp-json\/wp\/v2\/posts\/25762\/revisions\/25765"}],"wp:featuredmedia":[{"embeddable":true,"href":"https:\/\/blogdorogeriogomes.com.br\/noticias\/wp-json\/wp\/v2\/media\/25763"}],"wp:attachment":[{"href":"https:\/\/blogdorogeriogomes.com.br\/noticias\/wp-json\/wp\/v2\/media?parent=25762"}],"wp:term":[{"taxonomy":"category","embeddable":true,"href":"https:\/\/blogdorogeriogomes.com.br\/noticias\/wp-json\/wp\/v2\/categories?post=25762"},{"taxonomy":"post_tag","embeddable":true,"href":"https:\/\/blogdorogeriogomes.com.br\/noticias\/wp-json\/wp\/v2\/tags?post=25762"}],"curies":[{"name":"wp","href":"https:\/\/api.w.org\/{rel}","templated":true}]}}