{"id":25775,"date":"2022-06-20T13:09:55","date_gmt":"2022-06-20T13:09:55","guid":{"rendered":"https:\/\/blogdorogeriogomes.com.br\/?p=25775"},"modified":"2022-06-20T18:30:36","modified_gmt":"2022-06-20T18:30:36","slug":"recuperacao-do-asfalto-em-fortaleza-ja-beneficiou-196-ruas-e-avenidas-diz-prefeitura","status":"publish","type":"post","link":"https:\/\/blogdorogeriogomes.com.br\/noticias\/2022\/06\/recuperacao-do-asfalto-em-fortaleza-ja-beneficiou-196-ruas-e-avenidas-diz-prefeitura\/","title":{"rendered":"Recupera\u00e7\u00e3o do asfalto em Fortaleza j\u00e1 beneficiou 196 ruas e avenidas, diz Prefeitura"},"content":{"rendered":"\n<p>A Prefeitura de Fortaleza, por meio da Secretaria da Gest\u00e3o Regional (Seger), segue com a for\u00e7a-tarefa para a recupera\u00e7\u00e3o asf\u00e1ltica das vias da capital. At\u00e9 o \u00faltimo dia 14 de junho, 196 ruas e avenidas de diferentes bairros da cidade receberam interven\u00e7\u00f5es. Para o servi\u00e7o, a gest\u00e3o municipal quadruplicou o n\u00famero de equipes, saltando para 15 que trabalham diariamente na recupera\u00e7\u00e3o.<br>A a\u00e7\u00e3o faz parte do pacote de requalifica\u00e7\u00e3o de vias lan\u00e7ado pelo prefeito Jos\u00e9 Sarto no \u00faltimo dia 10 de maio e prev\u00ea a requalifica\u00e7\u00e3o das 90 principais avenidas da capital e de 40 quadril\u00e1teros urbanos, totalizando 1.200 vias. As melhorias t\u00eam como objetivo facilitar a mobilidade e garantir seguran\u00e7a ao tr\u00e1fego do transporte p\u00fablico, pedestres e ciclistas.<\/p>\n\n\n\n<figure class=\"wp-block-image size-full\"><img loading=\"lazy\" decoding=\"async\" width=\"723\" height=\"424\" src=\"https:\/\/blogdorogeriogomes.com.br\/wp-content\/uploads\/2022\/06\/images-2022-06-20T100548.309.jpeg\" alt=\"\" class=\"wp-image-25776\" srcset=\"https:\/\/blogdorogeriogomes.com.br\/noticias\/wp-content\/uploads\/2022\/06\/images-2022-06-20T100548.309.jpeg 723w, https:\/\/blogdorogeriogomes.com.br\/noticias\/wp-content\/uploads\/2022\/06\/images-2022-06-20T100548.309-300x176.jpeg 300w\" sizes=\"auto, (max-width: 723px) 100vw, 723px\" \/><\/figure>\n","protected":false},"excerpt":{"rendered":"<p>A Prefeitura de Fortaleza, por meio da Secretaria da Gest\u00e3o Regional (Seger), segue com a for\u00e7a-tarefa para a recupera\u00e7\u00e3o asf\u00e1ltica das vias da capital. At\u00e9 o \u00faltimo dia 14 de junho, 196 ruas e avenidas de diferentes bairros da cidade receberam interven\u00e7\u00f5es. Para o servi\u00e7o, a gest\u00e3o municipal quadruplicou o n\u00famero de equipes, saltando para 15 que trabalham diariamente na recupera\u00e7\u00e3o.A a\u00e7\u00e3o faz parte do pacote de requalifica\u00e7\u00e3o de vias lan\u00e7ado pelo prefeito Jos\u00e9 Sarto no \u00faltimo dia 10&hellip;<\/p>\n","protected":false},"author":1,"featured_media":25776,"comment_status":"open","ping_status":"open","sticky":false,"template":"","format":"standard","meta":{"footnotes":""},"categories":[1],"tags":[],"class_list":["post-25775","post","type-post","status-publish","format-standard","has-post-thumbnail","hentry","category-noticias"],"_links":{"self":[{"href":"https:\/\/blogdorogeriogomes.com.br\/noticias\/wp-json\/wp\/v2\/posts\/25775","targetHints":{"allow":["GET"]}}],"collection":[{"href":"https:\/\/blogdorogeriogomes.com.br\/noticias\/wp-json\/wp\/v2\/posts"}],"about":[{"href":"https:\/\/blogdorogeriogomes.com.br\/noticias\/wp-json\/wp\/v2\/types\/post"}],"author":[{"embeddable":true,"href":"https:\/\/blogdorogeriogomes.com.br\/noticias\/wp-json\/wp\/v2\/users\/1"}],"replies":[{"embeddable":true,"href":"https:\/\/blogdorogeriogomes.com.br\/noticias\/wp-json\/wp\/v2\/comments?post=25775"}],"version-history":[{"count":1,"href":"https:\/\/blogdorogeriogomes.com.br\/noticias\/wp-json\/wp\/v2\/posts\/25775\/revisions"}],"predecessor-version":[{"id":25777,"href":"https:\/\/blogdorogeriogomes.com.br\/noticias\/wp-json\/wp\/v2\/posts\/25775\/revisions\/25777"}],"wp:featuredmedia":[{"embeddable":true,"href":"https:\/\/blogdorogeriogomes.com.br\/noticias\/wp-json\/wp\/v2\/media\/25776"}],"wp:attachment":[{"href":"https:\/\/blogdorogeriogomes.com.br\/noticias\/wp-json\/wp\/v2\/media?parent=25775"}],"wp:term":[{"taxonomy":"category","embeddable":true,"href":"https:\/\/blogdorogeriogomes.com.br\/noticias\/wp-json\/wp\/v2\/categories?post=25775"},{"taxonomy":"post_tag","embeddable":true,"href":"https:\/\/blogdorogeriogomes.com.br\/noticias\/wp-json\/wp\/v2\/tags?post=25775"}],"curies":[{"name":"wp","href":"https:\/\/api.w.org\/{rel}","templated":true}]}}