{"id":25778,"date":"2022-06-20T13:26:34","date_gmt":"2022-06-20T13:26:34","guid":{"rendered":"https:\/\/blogdorogeriogomes.com.br\/?p=25778"},"modified":"2022-06-20T18:30:24","modified_gmt":"2022-06-20T18:30:24","slug":"em-meio-a-crise-presidente-da-petrobras-renuncia-ao-cargo-e-o-terceiro-do-governo-bolsonaro-que-cai","status":"publish","type":"post","link":"https:\/\/blogdorogeriogomes.com.br\/noticias\/2022\/06\/em-meio-a-crise-presidente-da-petrobras-renuncia-ao-cargo-e-o-terceiro-do-governo-bolsonaro-que-cai\/","title":{"rendered":"Em meio a crise, presidente da Petrobras renuncia ao cargo. \u00c9 o terceiro do Governo Bolsonaro que cai"},"content":{"rendered":"\n<p>A&nbsp;Petrobras informou, nesta segunda-feira, dia 20 de junho, que Jos\u00e9 Mauro Coelho pediu demiss\u00e3o da presid\u00eancia da companhia. Terceiro executivo a comandar a estatal no governo Jair Bolsonaro, ele ficou no cargo pouco mais de dois meses &#8211; foi o segundo menor per\u00edodo de gest\u00e3o da empresa desde o fim da ditadura&nbsp;militar.<\/p>\n\n\n\n<p>&#8220;A nomea\u00e7\u00e3o de um presidente interino ser\u00e1 examinada pelo Conselho de Administra\u00e7\u00e3o da&nbsp;Petrobras&nbsp;a partir de agora&#8221;, disse a companhia em comunicado publicado na Comiss\u00e3o de Valores Mobili\u00e1rios.<\/p>\n\n\n\n<p>Jos\u00e9 Mauro Ferreira Coelho foi o terceiro presidente da&nbsp;Petrobras no Governo Bolsonaro.<\/p>\n\n\n\n<figure class=\"wp-block-image size-full\"><img loading=\"lazy\" decoding=\"async\" width=\"500\" height=\"240\" src=\"https:\/\/blogdorogeriogomes.com.br\/wp-content\/uploads\/2022\/06\/20220415070412_2e3c7119b4fbe5144c503efc137bdc11678e64143e4efe6042ed37842fefe08f.webp\" alt=\"\" class=\"wp-image-25779\" srcset=\"https:\/\/blogdorogeriogomes.com.br\/noticias\/wp-content\/uploads\/2022\/06\/20220415070412_2e3c7119b4fbe5144c503efc137bdc11678e64143e4efe6042ed37842fefe08f.webp 500w, https:\/\/blogdorogeriogomes.com.br\/noticias\/wp-content\/uploads\/2022\/06\/20220415070412_2e3c7119b4fbe5144c503efc137bdc11678e64143e4efe6042ed37842fefe08f-300x144.webp 300w\" sizes=\"auto, (max-width: 500px) 100vw, 500px\" \/><\/figure>\n","protected":false},"excerpt":{"rendered":"<p>A&nbsp;Petrobras informou, nesta segunda-feira, dia 20 de junho, que Jos\u00e9 Mauro Coelho pediu demiss\u00e3o da presid\u00eancia da companhia. Terceiro executivo a comandar a estatal no governo Jair Bolsonaro, ele ficou no cargo pouco mais de dois meses &#8211; foi o segundo menor per\u00edodo de gest\u00e3o da empresa desde o fim da ditadura&nbsp;militar. &#8220;A nomea\u00e7\u00e3o de um presidente interino ser\u00e1 examinada pelo Conselho de Administra\u00e7\u00e3o da&nbsp;Petrobras&nbsp;a partir de agora&#8221;, disse a companhia em comunicado publicado na Comiss\u00e3o de Valores Mobili\u00e1rios.&hellip;<\/p>\n","protected":false},"author":1,"featured_media":25779,"comment_status":"open","ping_status":"open","sticky":false,"template":"","format":"standard","meta":{"footnotes":""},"categories":[1],"tags":[],"class_list":["post-25778","post","type-post","status-publish","format-standard","has-post-thumbnail","hentry","category-noticias"],"_links":{"self":[{"href":"https:\/\/blogdorogeriogomes.com.br\/noticias\/wp-json\/wp\/v2\/posts\/25778","targetHints":{"allow":["GET"]}}],"collection":[{"href":"https:\/\/blogdorogeriogomes.com.br\/noticias\/wp-json\/wp\/v2\/posts"}],"about":[{"href":"https:\/\/blogdorogeriogomes.com.br\/noticias\/wp-json\/wp\/v2\/types\/post"}],"author":[{"embeddable":true,"href":"https:\/\/blogdorogeriogomes.com.br\/noticias\/wp-json\/wp\/v2\/users\/1"}],"replies":[{"embeddable":true,"href":"https:\/\/blogdorogeriogomes.com.br\/noticias\/wp-json\/wp\/v2\/comments?post=25778"}],"version-history":[{"count":2,"href":"https:\/\/blogdorogeriogomes.com.br\/noticias\/wp-json\/wp\/v2\/posts\/25778\/revisions"}],"predecessor-version":[{"id":25781,"href":"https:\/\/blogdorogeriogomes.com.br\/noticias\/wp-json\/wp\/v2\/posts\/25778\/revisions\/25781"}],"wp:featuredmedia":[{"embeddable":true,"href":"https:\/\/blogdorogeriogomes.com.br\/noticias\/wp-json\/wp\/v2\/media\/25779"}],"wp:attachment":[{"href":"https:\/\/blogdorogeriogomes.com.br\/noticias\/wp-json\/wp\/v2\/media?parent=25778"}],"wp:term":[{"taxonomy":"category","embeddable":true,"href":"https:\/\/blogdorogeriogomes.com.br\/noticias\/wp-json\/wp\/v2\/categories?post=25778"},{"taxonomy":"post_tag","embeddable":true,"href":"https:\/\/blogdorogeriogomes.com.br\/noticias\/wp-json\/wp\/v2\/tags?post=25778"}],"curies":[{"name":"wp","href":"https:\/\/api.w.org\/{rel}","templated":true}]}}